{"id":7616,"date":"2019-02-05T18:39:51","date_gmt":"2019-02-05T18:39:51","guid":{"rendered":"http:\/\/max-emden.de\/wordpress\/?p=7616"},"modified":"2019-02-15T18:03:33","modified_gmt":"2019-02-15T18:03:33","slug":"skifahrt-2019","status":"publish","type":"post","link":"https:\/\/max-emden.de\/wordpress\/skifahrt-2019\/","title":{"rendered":"Skifahrt 2019"},"content":{"rendered":"<p style=\"text-align: justify;\">Am Freitag, den 11.01., brechen wir, eine Gruppe mit elf Sch\u00fclern aus dem 12. Jahrgang, Herrn Hillers und Herrn Tillmann, am Nachmittag ins Ahrntal auf. Mit einem Doppeldeckerbus holen wir noch zwei weitere Gruppen in Leer und Oldenburg ab und kommen trotz der Schneekatastrophe schon um 8 Uhr morgens am Samstag in der Pension Oberleiter an, wo wir direkt mit einem leckeren Fr\u00fchst\u00fcck empfangen werden.<!--more--> Nachdem sich alle ausgiebig ausgeruht und zu Mittag gegessen haben, geht es dann schon los: Ein langer Spaziergang zum Skiverleih steht an, von dem aus wir einen Bus zum Klausberg nehmen, auf dem wir in der n\u00e4chsten Woche viel Zeit verbringen w\u00fcrden.<\/p>\n<p style=\"text-align: justify;\">Dort angekommen entdecken Herr Hillers und Herr Tillmann schnell, dass sie in der kommenden Woche nicht mehr viel zu tun haben w\u00fcrden. Denn die vermeintlichen Anf\u00e4nger fahren trotz nicht vorhandener Skierfahrung viel besser als erwartet. Auf dem Klausi-H\u00fcgel fahren alle begeistert ihre Kurven und nach einem Gruppenfoto vor Klausi, dem Drachen, geht es mit dem Bus zur\u00fcck in die Pension.<\/p>\n<p style=\"text-align: justify;\">Am n\u00e4chsten Tag geht es dann so richtig los. Nach dem Fr\u00fchst\u00fcck bekommen alle ihren Skipass und zusammen geht es wieder mit dem Bus zum Klausberg, wo die Skier im Skidepot auf uns warten. W\u00e4hrend Timm und Niklas mit Herrn Tillmann die Fortgeschrittenengruppe bilden, \u00fcbt Herr Hillers mit den neun Anderen. Mittags gibt es das erste Mal Mittagessen in der Kristallalm. Nachdem man dort in der langen Schlange angestanden hat, hei\u00dft es immer aufpassen, dass man nicht auf dem rutschigen Boden ausrutscht und sich dabei sein Essen ins Gesicht wirft. W\u00e4hrend man dort isst, darf man t\u00e4glich mindestens drei solcher Szenen beobachten.<\/p>\n<p style=\"text-align: justify;\">Nach weiteren \u00dcbungen mit der ganzen Gruppe geht es dann am Ende des Tages noch in den Hexenkessel zur Nachbesprechung und dann wieder mit dem Bus nach Hause. Als alle erholt, geduscht und vom Abendessen satt sind, kommen alle zur ersten Videoanalyse in den eiskalten Keller. Danach beginnt das M\u00f6rderspiel, was wir \u00fcber die gesamte Skifahrt spielen w\u00fcrden. Jeder zieht einen Namen von jemanden aus der Gruppe und diese Person muss er dann \u201eermorden\u201c, indem er ihr irgendeinen Gegenstand gibt. So muss man immer aufpassen, wenn man im Laufe der Woche mit jemandem alleine ist, denn dann kann es schnell \u201eTote\u201c geben. Ganz typisch ist Herr Hillers dabei als erster gestorben. Auch beim Werwolfspiel war er stets das erste Opfer&#8230;<\/p>\n<p style=\"text-align: justify;\">Im Verlauf der Woche laufen unsere Tage dann immer \u00e4hnlich ab: Um neun Uhr los, Mittagessen in der Kristallalm und nachmittags manchmal in den Hexenkessel oder einfach zur\u00fcck in die Pension, wo abends dann noch gespielt wird. Am Mittwochvormittag allerdings st\u00fcrzt Jule ungl\u00fccklicherweise auf ihr Knie, sodass sie mit dem Rettungsscouter abgeholt werden muss und f\u00fcr den Rest der Woche nicht mehr Ski fahren kann. W\u00e4hrend wir alle weiterfahren k\u00f6nnen, muss sie in der Kristallalm ihr Knie k\u00fchlen und haufenweise Apfelstrudel essen.<\/p>\n<p style=\"text-align: justify;\">Am Mittwochabend steht dann ein besonderer Programmpunkt an. Alle zusammen fahren wir abends mit dem Bus in den Hexenkessel, um in Eefkes Geburtstag reinzufeiern, die am n\u00e4chsten Tag 18 Jahre alt wird. Am folgenden Tag ist dann der Tagesablauf typisch, aber am Nachmittag werden dann schon erfolgreich die ersten schwarzen Pisten von einigen Anf\u00e4ngern \u00fcberwunden. Nach den Erfolgen des Tages spielen wir am Abend mal wieder eine Runde Werwolf.<\/p>\n<p style=\"text-align: justify;\">Am letzten und eindeutig k\u00e4ltesten Tag kommt dann die Pr\u00fcfung: Herr Hillers und Herr Tillmann schauen sich an, wie wir Bergstemme, Hockey-Stopps oder Kurzschw\u00fcnge fahren oder wie wir carven.<\/p>\n<p style=\"text-align: left;\">Zur Belohnung fahren wir dann nach dem Mittagessen ein Riesenslalom-Rennen gegeneinander, bei denen Franziska und Timm die ersten Pl\u00e4tze belegen. Nach einer zweiten \u00dcberpr\u00fcfung darf dann zum Abschluss noch einmal in Gr\u00fcppchen frei gefahren werden.<\/p>\n<p style=\"text-align: justify;\">W\u00e4hrend der letzten Talabfahrt gibt es dann noch einen kleinen Zwischenstopp zum Aufw\u00e4rmen bei hei\u00dfer Schokolade und dann m\u00fcssen wir leider vom Klausberg Abschied nehmen, unsere Skier abgeben und unsere Koffer packen. Am Samstagmorgen geht es dann um 8 Uhr mit dem Bus los und nach einer sehr langen Busfahrt kommen wir dann um 3 Uhr nachts am Sonntag heil in Emden an.<\/p>\n<p>&nbsp;<\/p>\n<p style=\"text-align: right;\">Bericht: Eefke Menzel<\/p>\n","protected":false},"excerpt":{"rendered":"<p>Am Freitag, den 11.01., brechen wir, eine Gruppe mit elf Sch\u00fclern aus dem 12. Jahrgang, Herrn Hillers und Herrn Tillmann, am Nachmittag ins Ahrntal auf.<a class=\"moretag\" href=\"https:\/\/max-emden.de\/wordpress\/skifahrt-2019\/\"> [&#8230;]<\/a><\/p>\n","protected":false},"author":1,"featured_media":7646,"comment_status":"closed","ping_status":"closed","sticky":false,"template":"","format":"standard","meta":{"footnotes":""},"categories":[8,52],"tags":[],"class_list":["post-7616","post","type-post","status-publish","format-standard","has-post-thumbnail","hentry","category-max-unterwegs","category-sport"],"_links":{"self":[{"href":"https:\/\/max-emden.de\/wordpress\/wp-json\/wp\/v2\/posts\/7616","targetHints":{"allow":["GET"]}}],"collection":[{"href":"https:\/\/max-emden.de\/wordpress\/wp-json\/wp\/v2\/posts"}],"about":[{"href":"https:\/\/max-emden.de\/wordpress\/wp-json\/wp\/v2\/types\/post"}],"author":[{"embeddable":true,"href":"https:\/\/max-emden.de\/wordpress\/wp-json\/wp\/v2\/users\/1"}],"replies":[{"embeddable":true,"href":"https:\/\/max-emden.de\/wordpress\/wp-json\/wp\/v2\/comments?post=7616"}],"version-history":[{"count":2,"href":"https:\/\/max-emden.de\/wordpress\/wp-json\/wp\/v2\/posts\/7616\/revisions"}],"predecessor-version":[{"id":7734,"href":"https:\/\/max-emden.de\/wordpress\/wp-json\/wp\/v2\/posts\/7616\/revisions\/7734"}],"wp:featuredmedia":[{"embeddable":true,"href":"https:\/\/max-emden.de\/wordpress\/wp-json\/wp\/v2\/media\/7646"}],"wp:attachment":[{"href":"https:\/\/max-emden.de\/wordpress\/wp-json\/wp\/v2\/media?parent=7616"}],"wp:term":[{"taxonomy":"category","embeddable":true,"href":"https:\/\/max-emden.de\/wordpress\/wp-json\/wp\/v2\/categories?post=7616"},{"taxonomy":"post_tag","embeddable":true,"href":"https:\/\/max-emden.de\/wordpress\/wp-json\/wp\/v2\/tags?post=7616"}],"curies":[{"name":"wp","href":"https:\/\/api.w.org\/{rel}","templated":true}]}}