{"id":7642,"date":"2019-02-05T18:35:34","date_gmt":"2019-02-05T18:35:34","guid":{"rendered":"http:\/\/max-emden.de\/wordpress\/?p=7642"},"modified":"2019-02-13T21:23:36","modified_gmt":"2019-02-13T21:23:36","slug":"weiterentwicklung-des-patenkonzepts-am-max","status":"publish","type":"post","link":"https:\/\/max-emden.de\/wordpress\/weiterentwicklung-des-patenkonzepts-am-max\/","title":{"rendered":"Weiterentwicklung des Patenkonzepts am MAX"},"content":{"rendered":"<p style=\"text-align: justify;\">Junge Menschen zu fordern, sie zu unterst\u00fctzen, den Lebensraum Schule zu gestalten. Mit anderen Sch\u00fclern ins Gespr\u00e4ch zu kommen und sich in der Schule wohlzuf\u00fchlen. \u2013 Das sind Aufgaben, die Lehrerinnen und Lehrer an modernen Schulen nicht alleine wahrnehmen m\u00fcssen. <!--more-->Denn gerade im Umgang mit den Kleinsten unserer Schule bieten unsere \u00e4lteren MAX-Sch\u00fcler den Mitsch\u00fclersch\u00fclerinnen und Mitsch\u00fclern gerne eine helfende Hand an.<\/p>\n<p style=\"text-align: justify;\">Vor diesem Hintergrund treffen sich ab dem kommenden Halbjahr motivierte Sch\u00fclerinnen und Sch\u00fcler im Rahmen einer neuen Arbeitsgemeinschaft, um das Patenkonzept, das die Unterst\u00fctzung der neuen F\u00fcnftkl\u00e4ssler nach den Sommerferien konzeptualisiert, weiterzuentwickeln und nach den Sommerferien mit neuem Leben zu f\u00fcllen.<\/p>\n<p style=\"text-align: justify;\">Fragt man unsere Sch\u00fcler, die fr\u00fcher selbst vom Patenkonzept profitiert haben, gibt es schon jetzt eine ganze Reihe von guten Ideen, um den j\u00fcngsten Mitsch\u00fclern den Einstieg zu erleichtern. \u201eZiel der AG soll daher sein, den zuk\u00fcnftigen Paten ein forderndes Angebot zu machen, mit dem sie p\u00e4dagogische und planerische Kompetenzen erwerben k\u00f6nnen. Das ist nat\u00fcrlich nur der erste Schritt: Im Kern geht es darum, dass die neuen Paten ihre Ideen nach den Sommerferien auch tats\u00e4chlich umsetzen k\u00f6nnen.\u201c so AG-Leiter Held.<\/p>\n<p style=\"text-align: justify;\"><strong>Die neue Paten-AG startet am 12.Februar in Raum 312. Ein zweites Treffen ist im Anschluss f\u00fcr den 26.02 geplant. Interessierte Sch\u00fclerinnen und Sch\u00fcler sind herzlich eingeladen. Ansprechpartner f\u00fcr die Arbeitsgemeinschaft ist Herr Held.<\/strong><\/p>\n","protected":false},"excerpt":{"rendered":"<p>Junge Menschen zu fordern, sie zu unterst\u00fctzen, den Lebensraum Schule zu gestalten. Mit anderen Sch\u00fclern ins Gespr\u00e4ch zu kommen und sich in der Schule wohlzuf\u00fchlen.<a class=\"moretag\" href=\"https:\/\/max-emden.de\/wordpress\/weiterentwicklung-des-patenkonzepts-am-max\/\"> [&#8230;]<\/a><\/p>\n","protected":false},"author":1,"featured_media":7645,"comment_status":"closed","ping_status":"closed","sticky":false,"template":"","format":"standard","meta":{"footnotes":""},"categories":[36],"tags":[],"class_list":["post-7642","post","type-post","status-publish","format-standard","has-post-thumbnail","hentry","category-klasse-56"],"_links":{"self":[{"href":"https:\/\/max-emden.de\/wordpress\/wp-json\/wp\/v2\/posts\/7642","targetHints":{"allow":["GET"]}}],"collection":[{"href":"https:\/\/max-emden.de\/wordpress\/wp-json\/wp\/v2\/posts"}],"about":[{"href":"https:\/\/max-emden.de\/wordpress\/wp-json\/wp\/v2\/types\/post"}],"author":[{"embeddable":true,"href":"https:\/\/max-emden.de\/wordpress\/wp-json\/wp\/v2\/users\/1"}],"replies":[{"embeddable":true,"href":"https:\/\/max-emden.de\/wordpress\/wp-json\/wp\/v2\/comments?post=7642"}],"version-history":[{"count":3,"href":"https:\/\/max-emden.de\/wordpress\/wp-json\/wp\/v2\/posts\/7642\/revisions"}],"predecessor-version":[{"id":7721,"href":"https:\/\/max-emden.de\/wordpress\/wp-json\/wp\/v2\/posts\/7642\/revisions\/7721"}],"wp:featuredmedia":[{"embeddable":true,"href":"https:\/\/max-emden.de\/wordpress\/wp-json\/wp\/v2\/media\/7645"}],"wp:attachment":[{"href":"https:\/\/max-emden.de\/wordpress\/wp-json\/wp\/v2\/media?parent=7642"}],"wp:term":[{"taxonomy":"category","embeddable":true,"href":"https:\/\/max-emden.de\/wordpress\/wp-json\/wp\/v2\/categories?post=7642"},{"taxonomy":"post_tag","embeddable":true,"href":"https:\/\/max-emden.de\/wordpress\/wp-json\/wp\/v2\/tags?post=7642"}],"curies":[{"name":"wp","href":"https:\/\/api.w.org\/{rel}","templated":true}]}}