{"id":7946,"date":"2019-03-17T09:34:54","date_gmt":"2019-03-17T09:34:54","guid":{"rendered":"http:\/\/max-emden.de\/wordpress\/?p=7946"},"modified":"2019-03-24T21:46:36","modified_gmt":"2019-03-24T21:46:36","slug":"lesewettbewerb-franzoesisch","status":"publish","type":"post","link":"https:\/\/max-emden.de\/wordpress\/lesewettbewerb-franzoesisch\/","title":{"rendered":"Lesewettbewerb Franz\u00f6sisch"},"content":{"rendered":"<p style=\"text-align: justify;\">Am Freitag, den 15<span class=\"cmp_removed_date\" data-cmp_removed_date=\"2019-01-25\" data-ce-class=\"Dates\">.03.2019, fand in der Bibliothek des Max wieder unser allj\u00e4hrlicher<\/span> Lesewettbewerb Franz\u00f6sisch, statt: Vor einer fachkundigen Jury, die sich aus der Elternvertreterin Frau Geiken, der Muttersprachlerin Frau Prestien und Frau Dr. van Hove als Fachobfrau Franz\u00f6sisch zusammensetzt, werden jeweils ein bekannter sowie ein unbekannter Text in franz\u00f6sischer Sprache vorgelesen.<!--more--> F\u00fcr die Jahrgangsstufe 6 traten dieses Jahr Leonie Rohde (6a), Janus Kleinert (6c) und Judi Hasan (6c), f\u00fcr die Jahrgangsstufe 7 Wassilissa Bashcheva (7c) sowie Mattis Jan\u00dfen (7d) an. Als Sieger gingen einstimmig Leonie und Wassilissa hervor. Es gab tolle B\u00fccherpreise und f\u00fcr Wassi zus\u00e4tzlich einen Gutschein f\u00fcr die Teilnahme an einem Delf-Kurs, der freundlicherweise von Herrn Wosnitza gespendet wurde &#8211; herzlichen Dank ! Aber auch die anderen Teilnehmer konnten sich \u00fcber sch\u00f6ne Sachpreise erfreuen. Herzlichen Gl\u00fcckwunsch &#8211; nos f\u00e9licitations&#8230;<\/p>\n","protected":false},"excerpt":{"rendered":"<p>Am Freitag, den 15.03.2019, fand in der Bibliothek des Max wieder unser allj\u00e4hrlicher Lesewettbewerb Franz\u00f6sisch, statt: Vor einer fachkundigen Jury, die sich aus der Elternvertreterin<a class=\"moretag\" href=\"https:\/\/max-emden.de\/wordpress\/lesewettbewerb-franzoesisch\/\"> [&#8230;]<\/a><\/p>\n","protected":false},"author":1,"featured_media":7947,"comment_status":"closed","ping_status":"closed","sticky":false,"template":"","format":"standard","meta":{"footnotes":""},"categories":[31],"tags":[],"class_list":["post-7946","post","type-post","status-publish","format-standard","has-post-thumbnail","hentry","category-franzoesisch"],"_links":{"self":[{"href":"https:\/\/max-emden.de\/wordpress\/wp-json\/wp\/v2\/posts\/7946","targetHints":{"allow":["GET"]}}],"collection":[{"href":"https:\/\/max-emden.de\/wordpress\/wp-json\/wp\/v2\/posts"}],"about":[{"href":"https:\/\/max-emden.de\/wordpress\/wp-json\/wp\/v2\/types\/post"}],"author":[{"embeddable":true,"href":"https:\/\/max-emden.de\/wordpress\/wp-json\/wp\/v2\/users\/1"}],"replies":[{"embeddable":true,"href":"https:\/\/max-emden.de\/wordpress\/wp-json\/wp\/v2\/comments?post=7946"}],"version-history":[{"count":3,"href":"https:\/\/max-emden.de\/wordpress\/wp-json\/wp\/v2\/posts\/7946\/revisions"}],"predecessor-version":[{"id":8004,"href":"https:\/\/max-emden.de\/wordpress\/wp-json\/wp\/v2\/posts\/7946\/revisions\/8004"}],"wp:featuredmedia":[{"embeddable":true,"href":"https:\/\/max-emden.de\/wordpress\/wp-json\/wp\/v2\/media\/7947"}],"wp:attachment":[{"href":"https:\/\/max-emden.de\/wordpress\/wp-json\/wp\/v2\/media?parent=7946"}],"wp:term":[{"taxonomy":"category","embeddable":true,"href":"https:\/\/max-emden.de\/wordpress\/wp-json\/wp\/v2\/categories?post=7946"},{"taxonomy":"post_tag","embeddable":true,"href":"https:\/\/max-emden.de\/wordpress\/wp-json\/wp\/v2\/tags?post=7946"}],"curies":[{"name":"wp","href":"https:\/\/api.w.org\/{rel}","templated":true}]}}