{"id":8284,"date":"2019-06-07T16:23:14","date_gmt":"2019-06-07T16:23:14","guid":{"rendered":"http:\/\/max-emden.de\/wordpress\/?p=8284"},"modified":"2019-06-30T17:16:05","modified_gmt":"2019-06-30T17:16:05","slug":"delf-a1-pruefung-am-max","status":"publish","type":"post","link":"https:\/\/max-emden.de\/wordpress\/delf-a1-pruefung-am-max\/","title":{"rendered":"DELF A1-Pr\u00fcfung am Max"},"content":{"rendered":"<p style=\"text-align: justify;\">Auch in diesem Schuljahr bestand am Max im Rahmen des AG-Angebotes wieder die M\u00f6glichkeit, das franz\u00f6sische Sprachdiplom DELF (Dipl\u00f4me d\u2019Etudes en Lange Fran\u00e7aise) zu erwerben. Dieses Sprachzertifikat gilt an den meisten franz\u00f6sischsprachigen Universit\u00e4ten als Sprachnachweis und hat dar\u00fcber hinaus in jeder Bewerbungsmappe einen hohen Stellenwert. Aber auch f\u00fcr die seit einigen Schuljahren an nieders\u00e4chsischen Gymnasien durchgef\u00fchrten Sprechpr\u00fcfungen ist die DELF-AG eine sehr gute Vorbereitung.<!--more--><\/p>\n<p style=\"text-align: justify;\">Nachdem im 1. Halbjahr bereits 17 Sch\u00fclerinnen und Sch\u00fcler die H\u00fcrde A2\/B1 erfolgreich gemeistert hatten, nutzten 9 hochmotivierte Sch\u00fclerinnen des aktuellen 7. Jahrganges im 2. Halbjahr dieses Angebot und bereiteten sich drei Monate lang gewissenhaft auf die die Einstiegspr\u00fcfung A1 vor.<\/p>\n<p style=\"text-align: justify;\">Am Samstag, den 25. Mai machte sich der kleine Tross aus Emder Pr\u00fcflingen dann per Bahn auf den Weg zur VHS in Leer, wo sie gemeinsam mit Pr\u00fcflingen der Inselschule Norderney den schriftlichen Teil der Pr\u00fcfung (H\u00f6rverstehen, Leseverstehen, Textproduktion) absolvierten. F\u00fcr die m\u00fcndliche Pr\u00fcfung kam dann am Mittwoch, den 05. Juni eine Pr\u00fcferin des Institut Fran\u00e7ais ans Max, um den letzten Teil der Pr\u00fcfung mit den jungen Franz\u00f6sischlernerinnen zu absolvieren. Vor Beginn der Pr\u00fcfung merkte man den Sch\u00fclerinnen die Anspannung an, nach der Pr\u00fcfung sah man aber nur noch strahlende Gesichter und sp\u00fcrte Stolz und Erleichterung dar\u00fcber, diese stressige Situation hoffentlich erfolgreich bew\u00e4ltigt zu haben. Nun beginnt das gespannte Warten auf die Ergebnisse.<\/p>\n<p>Die DELF-Pr\u00fcfung A1 absolvierten:<\/p>\n<p>Kheira Belarbi, Lara Bohlen, Paula Frede, Zwaantje Kr\u00f6ger (alle JAG), Okka Barghoorn, Janne Becker, Seraphina Esadore, Sophie Heinks, Milla Tillmann (alle Max)<\/p>\n","protected":false},"excerpt":{"rendered":"<p>Auch in diesem Schuljahr bestand am Max im Rahmen des AG-Angebotes wieder die M\u00f6glichkeit, das franz\u00f6sische Sprachdiplom DELF (Dipl\u00f4me d\u2019Etudes en Lange Fran\u00e7aise) zu erwerben.<a class=\"moretag\" href=\"https:\/\/max-emden.de\/wordpress\/delf-a1-pruefung-am-max\/\"> [&#8230;]<\/a><\/p>\n","protected":false},"author":1,"featured_media":8285,"comment_status":"closed","ping_status":"closed","sticky":false,"template":"","format":"standard","meta":{"footnotes":""},"categories":[31,90],"tags":[],"class_list":["post-8284","post","type-post","status-publish","format-standard","has-post-thumbnail","hentry","category-franzoesisch","category-kov"],"_links":{"self":[{"href":"https:\/\/max-emden.de\/wordpress\/wp-json\/wp\/v2\/posts\/8284","targetHints":{"allow":["GET"]}}],"collection":[{"href":"https:\/\/max-emden.de\/wordpress\/wp-json\/wp\/v2\/posts"}],"about":[{"href":"https:\/\/max-emden.de\/wordpress\/wp-json\/wp\/v2\/types\/post"}],"author":[{"embeddable":true,"href":"https:\/\/max-emden.de\/wordpress\/wp-json\/wp\/v2\/users\/1"}],"replies":[{"embeddable":true,"href":"https:\/\/max-emden.de\/wordpress\/wp-json\/wp\/v2\/comments?post=8284"}],"version-history":[{"count":3,"href":"https:\/\/max-emden.de\/wordpress\/wp-json\/wp\/v2\/posts\/8284\/revisions"}],"predecessor-version":[{"id":8364,"href":"https:\/\/max-emden.de\/wordpress\/wp-json\/wp\/v2\/posts\/8284\/revisions\/8364"}],"wp:featuredmedia":[{"embeddable":true,"href":"https:\/\/max-emden.de\/wordpress\/wp-json\/wp\/v2\/media\/8285"}],"wp:attachment":[{"href":"https:\/\/max-emden.de\/wordpress\/wp-json\/wp\/v2\/media?parent=8284"}],"wp:term":[{"taxonomy":"category","embeddable":true,"href":"https:\/\/max-emden.de\/wordpress\/wp-json\/wp\/v2\/categories?post=8284"},{"taxonomy":"post_tag","embeddable":true,"href":"https:\/\/max-emden.de\/wordpress\/wp-json\/wp\/v2\/tags?post=8284"}],"curies":[{"name":"wp","href":"https:\/\/api.w.org\/{rel}","templated":true}]}}