{"id":8292,"date":"2019-06-07T16:33:30","date_gmt":"2019-06-07T16:33:30","guid":{"rendered":"http:\/\/max-emden.de\/wordpress\/?p=8292"},"modified":"2019-06-07T16:33:30","modified_gmt":"2019-06-07T16:33:30","slug":"der-kleine-prinz","status":"publish","type":"post","link":"https:\/\/max-emden.de\/wordpress\/der-kleine-prinz\/","title":{"rendered":"Der kleine Prinz"},"content":{"rendered":"<p>Jeder kennt die Geschichte um den kleinen Prinzen, der seinen kleinen Planeten verl\u00e4sst. Die f\u00fcnf Sch\u00fclerinnen und Sch\u00fcler des 5. Jahrgangs wagen sich an eine eigene Interpretation. In der Erstproduktion dieser Gruppen n\u00e4hern sie sich modernen Theatermethoden durch minimalistischen B\u00fchnenaufbau, der der Spielkraft der Einzelnen viel Raum zur Entfaltung l\u00e4sst, und \u00dcbertragen des Texts auf k\u00f6rperlichen Ausdruck.<\/p>\n<p>Schon der Probenprozess verspricht interessante Bilder und Kurzweile. Wir weihen mit den beiden Auff\u00fchrungen auch unseren Theaterraum als Vorstellungsraum ein.<\/p>\n<p>&nbsp;<\/p>\n<p>Spielzeit ca. 35 min.<\/p>\n","protected":false},"excerpt":{"rendered":"<p>Jeder kennt die Geschichte um den kleinen Prinzen, der seinen kleinen Planeten verl\u00e4sst. Die f\u00fcnf Sch\u00fclerinnen und Sch\u00fcler des 5. Jahrgangs wagen sich an eine<a class=\"moretag\" href=\"https:\/\/max-emden.de\/wordpress\/der-kleine-prinz\/\"> [&#8230;]<\/a><\/p>\n","protected":false},"author":1,"featured_media":8293,"comment_status":"closed","ping_status":"closed","sticky":false,"template":"","format":"standard","meta":{"footnotes":""},"categories":[2],"tags":[],"class_list":["post-8292","post","type-post","status-publish","format-standard","has-post-thumbnail","hentry","category-allgemein"],"_links":{"self":[{"href":"https:\/\/max-emden.de\/wordpress\/wp-json\/wp\/v2\/posts\/8292","targetHints":{"allow":["GET"]}}],"collection":[{"href":"https:\/\/max-emden.de\/wordpress\/wp-json\/wp\/v2\/posts"}],"about":[{"href":"https:\/\/max-emden.de\/wordpress\/wp-json\/wp\/v2\/types\/post"}],"author":[{"embeddable":true,"href":"https:\/\/max-emden.de\/wordpress\/wp-json\/wp\/v2\/users\/1"}],"replies":[{"embeddable":true,"href":"https:\/\/max-emden.de\/wordpress\/wp-json\/wp\/v2\/comments?post=8292"}],"version-history":[{"count":1,"href":"https:\/\/max-emden.de\/wordpress\/wp-json\/wp\/v2\/posts\/8292\/revisions"}],"predecessor-version":[{"id":8294,"href":"https:\/\/max-emden.de\/wordpress\/wp-json\/wp\/v2\/posts\/8292\/revisions\/8294"}],"wp:featuredmedia":[{"embeddable":true,"href":"https:\/\/max-emden.de\/wordpress\/wp-json\/wp\/v2\/media\/8293"}],"wp:attachment":[{"href":"https:\/\/max-emden.de\/wordpress\/wp-json\/wp\/v2\/media?parent=8292"}],"wp:term":[{"taxonomy":"category","embeddable":true,"href":"https:\/\/max-emden.de\/wordpress\/wp-json\/wp\/v2\/categories?post=8292"},{"taxonomy":"post_tag","embeddable":true,"href":"https:\/\/max-emden.de\/wordpress\/wp-json\/wp\/v2\/tags?post=8292"}],"curies":[{"name":"wp","href":"https:\/\/api.w.org\/{rel}","templated":true}]}}