{"id":8333,"date":"2019-06-24T14:52:13","date_gmt":"2019-06-24T14:52:13","guid":{"rendered":"http:\/\/max-emden.de\/wordpress\/?p=8333"},"modified":"2019-07-01T12:36:02","modified_gmt":"2019-07-01T12:36:02","slug":"emder-bei-drachenbootfestival-in-hannover-erfolgreich","status":"publish","type":"post","link":"https:\/\/max-emden.de\/wordpress\/emder-bei-drachenbootfestival-in-hannover-erfolgreich\/","title":{"rendered":"Emder bei Drachenbootfestival in Hannover erfolgreich"},"content":{"rendered":"<p style=\"text-align: justify;\">Nach wochenlangem Training machten sich ein Team angehender Abiturienten und zahlreiche ehemalige Sch\u00fcler, die nun f\u00fcr den Emder Ruderverein starten, auf den Weg zu einer ganz besonderen Paddelstrecke: Zum 25. Jubil\u00e4um des Drachenbootfestivals starteten die Emder mit 150 weiteren Teams in Hannover und waren vier Tage lang am Nordufer des Maschsees auf Kurz- und Langstrecke im Einsatz. <!--more-->Sogar Teams aus Kanada und der Schweiz sowie die amtierenden Weltmeister waren dabei. Der Hannoversche Kanu-Club stellte dazu ein Rahmenprogramm inklusive gro\u00dfer Abendveranstaltungen auf die Beine. Die Emder \u00fcbernachteten vier Tage lang am Zeltplatz direkt an der HDI-Arena. Unterst\u00fctzt wurde die Reise vom F\u00f6rderverein der Schule, dem Fahrschulcenter Emden, der Firma Detering und der Stadtwerke Emden.<\/p>\n<p style=\"text-align: justify;\">Als j\u00fcngstes Team der ganzen Regatta und ohne Carbon-Paddel rechneten sich die Noch-Sch\u00fcler angesichts der starken Konkurrenz sportlich kaum Chancen aus und sorgte gleich das erste Rennen f\u00fcr Ern\u00fcchterung: Als Viertplatzierte verpassten die Sch\u00fcler ebenso wie das ERV-Team knapp den direkten Einzug ins Viertelfinale. Beide mussten deshalb in die Hoffnungsl\u00e4ufe am Nachmittag, wo es angesichts des Regattaplans zu einem direkten Duell zwischen beiden Mannschaften kam. Direkt nebeneinanderliegend starteten beide Boote in ein unglaublich spannendes Rennen, bei dem die Sch\u00fcler als Sieger am Ende acht hundertstel Sekunden vor dem ERV-Boot lagen, das trotz des zweiten Platzes als Zeitschnellster ebenfalls in das Viertelfinale einzog.<\/p>\n<p style=\"text-align: justify;\">Diese starke Leistung best\u00e4tigten die Max-Sch\u00fcler im Viertelfinale: W\u00e4hrend das ERV-Boot als F\u00fcnfter die n\u00e4chste Runde verpasste, gewannen die Sch\u00fcler ihren Lauf souver\u00e4n und zogen damit ins Halbfinale am Sonntag ein. Hier bewies das Team erneut Nervenst\u00e4rke und zog als Zweitplatzierter mit einer neuen Bestzeit von 1:10.87 min ins A-Finale ein. Dort reichte es schlie\u00dflich f\u00fcr Platz 5 von 49 Teams in der Fun-Sport-Klasse \u2013 ein sensationelles Ergebnis, das durch Platz 15 des ERV-Teams noch abgerundet wurde.<\/p>\n<p style=\"text-align: justify;\">\u201eDie Rennen waren ein unglaubliches Erlebnis\u201c, freute sich Kapit\u00e4n Tobias Bruns \u00fcber die Leistung des Sch\u00fcler-Bootes. \u201eWir sind als Team immer weiter zusammengewachsen.\u201c<\/p>\n<p style=\"text-align: justify;\">Keine leeren Worte, wie sich am Pfingstmontag zeigte: Trotz der Anstrengungen der vergangenen Tage gingen die Sch\u00fcler noch einmal auf die Strecke. Im Verfolgungsrennen \u00fcber 2000 Meter starteten sie mit insgesamt 25 Teams im 10-Sekunden-Takt. Die Emder gingen als Vorletzte auf die Strecke und schlossen schnell auf zwei davorliegende Boot auf, mit denen sie sich ab der Wende einen spannenden Kampf lieferten. Seite an Seite schenkten sich die Teams nichts und zogen sich gemeinsam bis zum Ziel, das die Bald-Abiturienten nach einem unglaublichen Endspurt in einer Zeit von 9:44,1 Minuten als Dritter \u00fcberquerten. \u201eEine ganz starke Leistung, die f\u00fcr viel Beachtung und Anerkennung bei den Routiniers gesorgt hat\u201c, berichtete Steuermann Kai Gembler, der als Trainer bereits jetzt auf die Emder Hafenmeile am 29.06.2019 gespannt ist, denn nat\u00fcrlich sind dort beide Teams wieder dabei.<\/p>\n<style id=\"bwg-style-0\">    #bwg_container1_0 #bwg_container2_0 .bwg-container-0.bwg-standard-thumbnails {      width: 904px;              justify-content: center;        margin:0 auto !important;              background-color: rgba(255, 255, 255, 0.00);            padding-left: 4px;      padding-top: 4px;      max-width: 100%;            }        #bwg_container1_0 #bwg_container2_0 .bwg-container-0.bwg-standard-thumbnails .bwg-item {    justify-content: flex-start;      max-width: 180px;            width: 180px !important;          }    #bwg_container1_0 #bwg_container2_0 .bwg-container-0.bwg-standard-thumbnails .bwg-item a {       margin-right: 4px;       margin-bottom: 4px;    }    #bwg_container1_0 #bwg_container2_0 .bwg-container-0.bwg-standard-thumbnails .bwg-item0 {      padding: 0px;            background-color:rgba(255,255,255, 0.30);      border: 0px none #CCCCCC;      opacity: 1.00;      border-radius: 0;      box-shadow: 0px 0px 0px #888888;    }    #bwg_container1_0 #bwg_container2_0 .bwg-container-0.bwg-standard-thumbnails .bwg-item1 img {      max-height: none;      max-width: none;      padding: 0 !important;    }        @media only screen and (min-width: 480px) {      #bwg_container1_0 #bwg_container2_0 .bwg-container-0.bwg-standard-thumbnails .bwg-item0 {        transition: all 0.3s ease 0s;-webkit-transition: all 0.3s ease 0s;      }      #bwg_container1_0 #bwg_container2_0 .bwg-container-0.bwg-standard-thumbnails .bwg-item0:hover {        -ms-transform: scale(1.1);        -webkit-transform: scale(1.1);        transform: scale(1.1);      }    }          #bwg_container1_0 #bwg_container2_0 .bwg-container-0.bwg-standard-thumbnails .bwg-item1 {      padding-top: 50%;    }        #bwg_container1_0 #bwg_container2_0 .bwg-container-0.bwg-standard-thumbnails .bwg-title2,    #bwg_container1_0 #bwg_container2_0 .bwg-container-0.bwg-standard-thumbnails .bwg-ecommerce2 {      color: #CCCCCC;      font-family: segoe ui;      font-size: 16px;      font-weight: bold;      padding: 2px;      text-shadow: 0px 0px 0px #888888;      max-height: 100%;    }    #bwg_container1_0 #bwg_container2_0 .bwg-container-0.bwg-standard-thumbnails .bwg-thumb-description span {    color: #323A45;    font-family: Ubuntu;    font-size: 12px;    max-height: 100%;    word-wrap: break-word;    }    #bwg_container1_0 #bwg_container2_0 .bwg-container-0.bwg-standard-thumbnails .bwg-play-icon2 {      font-size: 32px;    }    #bwg_container1_0 #bwg_container2_0 .bwg-container-0.bwg-standard-thumbnails .bwg-ecommerce2 {      font-size: 19.2px;      color: #CCCCCC;    }    <\/style>    <div id=\"bwg_container1_0\"         class=\"bwg_container bwg_thumbnail bwg_thumbnails \"         data-right-click-protection=\"1\"         data-bwg=\"0\"         data-scroll=\"0\"         data-gallery-type=\"thumbnails\"         data-gallery-view-type=\"thumbnails\"         data-current-url=\"\/wordpress\/wp-json\/wp\/v2\/posts\/8333\"         data-lightbox-url=\"https:\/\/max-emden.de\/wordpress\/wp-admin\/admin-ajax.php?action=GalleryBox&#038;current_view=0&#038;gallery_id=249&#038;tag=0&#038;theme_id=1&#038;shortcode_id=521&#038;sort_by=order&#038;order_by=asc&#038;current_url=%2Fwordpress%2Fwp-json%2Fwp%2Fv2%2Fposts%2F8333\"         data-gallery-id=\"249\"         data-popup-width=\"800\"         data-popup-height=\"500\"         data-is-album=\"gallery\"         data-buttons-position=\"bottom\">      <div id=\"bwg_container2_0\">             <div id=\"ajax_loading_0\" class=\"bwg_loading_div_1\">      <div class=\"bwg_loading_div_2\">        <div class=\"bwg_loading_div_3\">          <div id=\"loading_div_0\" class=\"bwg_spider_ajax_loading\">          <\/div>        <\/div>      <\/div>    <\/div>            <form id=\"gal_front_form_0\"              class=\"bwg-hidden\"              method=\"post\"              action=\"#\"              data-current=\"0\"              data-shortcode-id=\"521\"              data-gallery-type=\"thumbnails\"              data-gallery-id=\"249\"              data-tag=\"0\"              data-album-id=\"0\"              data-theme-id=\"1\"              data-ajax-url=\"https:\/\/max-emden.de\/wordpress\/wp-admin\/admin-ajax.php?action=bwg_frontend_data\">          <div id=\"bwg_container3_0\" class=\"bwg-background bwg-background-0\">                <div data-max-count=\"5\"         data-thumbnail-width=\"180\"         data-bwg=\"0\"         data-gallery-id=\"249\"         data-lightbox-url=\"https:\/\/max-emden.de\/wordpress\/wp-admin\/admin-ajax.php?action=GalleryBox&amp;current_view=0&amp;gallery_id=249&amp;tag=0&amp;theme_id=1&amp;shortcode_id=521&amp;sort_by=order&amp;order_by=asc&amp;current_url=%2Fwordpress%2Fwp-json%2Fwp%2Fv2%2Fposts%2F8333\"         id=\"bwg_thumbnails_0\"         class=\"bwg-container-0 bwg-thumbnails bwg-standard-thumbnails bwg-container bwg-border-box\">            <div class=\"bwg-item\">        <a class=\"bwg-a  bwg_lightbox\"  data-image-id=\"4988\" href=\"https:\/\/max-emden.de\/wordpress\/wp-content\/uploads\/photo-gallery\/Drachenbootfestival_2019_LR_(4).jpg?bwg=1561387808\" data-elementor-open-lightbox=\"no\">                <div class=\"bwg-item0 \">          <div class=\"bwg-item1 \">            <div class=\"bwg-item2\">              <img decoding=\"async\" class=\"skip-lazy bwg_standart_thumb_img_0 \"                   data-id=\"4988\"                   data-width=\"300\"                   data-height=\"225\"                   data-src=\"https:\/\/max-emden.de\/wordpress\/wp-content\/uploads\/photo-gallery\/thumb\/Drachenbootfestival_2019_LR_(4).jpg?bwg=1561387808\"                   src=\"https:\/\/max-emden.de\/wordpress\/wp-content\/uploads\/photo-gallery\/thumb\/Drachenbootfestival_2019_LR_(4).jpg?bwg=1561387808\"                   alt=\"Drachenbootfestival 2019 LR (4)\"                   title=\"Drachenbootfestival 2019 LR (4)\" \/>            <\/div>            <div class=\"\">                                                      <\/div>          <\/div>        <\/div>                        <\/a>              <\/div>            <div class=\"bwg-item\">        <a class=\"bwg-a  bwg_lightbox\"  data-image-id=\"4987\" href=\"https:\/\/max-emden.de\/wordpress\/wp-content\/uploads\/photo-gallery\/Drachenbootfestival_2019_LR_(6).jpg?bwg=1561387808\" data-elementor-open-lightbox=\"no\">                <div class=\"bwg-item0 \">          <div class=\"bwg-item1 \">            <div class=\"bwg-item2\">              <img decoding=\"async\" class=\"skip-lazy bwg_standart_thumb_img_0 \"                   data-id=\"4987\"                   data-width=\"300\"                   data-height=\"225\"                   data-src=\"https:\/\/max-emden.de\/wordpress\/wp-content\/uploads\/photo-gallery\/thumb\/Drachenbootfestival_2019_LR_(6).jpg?bwg=1561387808\"                   src=\"https:\/\/max-emden.de\/wordpress\/wp-content\/uploads\/photo-gallery\/thumb\/Drachenbootfestival_2019_LR_(6).jpg?bwg=1561387808\"                   alt=\"Drachenbootfestival 2019 LR (6)\"                   title=\"Drachenbootfestival 2019 LR (6)\" \/>            <\/div>            <div class=\"\">                                                      <\/div>          <\/div>        <\/div>                        <\/a>              <\/div>            <div class=\"bwg-item\">        <a class=\"bwg-a  bwg_lightbox\"  data-image-id=\"4986\" href=\"https:\/\/max-emden.de\/wordpress\/wp-content\/uploads\/photo-gallery\/Drachenbootfestival_2019_LR_(3).jpg?bwg=1561387808\" data-elementor-open-lightbox=\"no\">                <div class=\"bwg-item0 \">          <div class=\"bwg-item1 \">            <div class=\"bwg-item2\">              <img decoding=\"async\" class=\"skip-lazy bwg_standart_thumb_img_0 \"                   data-id=\"4986\"                   data-width=\"300\"                   data-height=\"225\"                   data-src=\"https:\/\/max-emden.de\/wordpress\/wp-content\/uploads\/photo-gallery\/thumb\/Drachenbootfestival_2019_LR_(3).jpg?bwg=1561387808\"                   src=\"https:\/\/max-emden.de\/wordpress\/wp-content\/uploads\/photo-gallery\/thumb\/Drachenbootfestival_2019_LR_(3).jpg?bwg=1561387808\"                   alt=\"Drachenbootfestival 2019 LR (3)\"                   title=\"Drachenbootfestival 2019 LR (3)\" \/>            <\/div>            <div class=\"\">                                                      <\/div>          <\/div>        <\/div>                        <\/a>              <\/div>            <div class=\"bwg-item\">        <a class=\"bwg-a  bwg_lightbox\"  data-image-id=\"4985\" href=\"https:\/\/max-emden.de\/wordpress\/wp-content\/uploads\/photo-gallery\/Drachenbootfestival_2019_LR_(7).jpg?bwg=1561387808\" data-elementor-open-lightbox=\"no\">                <div class=\"bwg-item0 \">          <div class=\"bwg-item1 \">            <div class=\"bwg-item2\">              <img decoding=\"async\" class=\"skip-lazy bwg_standart_thumb_img_0 \"                   data-id=\"4985\"                   data-width=\"300\"                   data-height=\"186\"                   data-src=\"https:\/\/max-emden.de\/wordpress\/wp-content\/uploads\/photo-gallery\/thumb\/Drachenbootfestival_2019_LR_(7).jpg?bwg=1561387808\"                   src=\"https:\/\/max-emden.de\/wordpress\/wp-content\/uploads\/photo-gallery\/thumb\/Drachenbootfestival_2019_LR_(7).jpg?bwg=1561387808\"                   alt=\"Drachenbootfestival 2019 LR (7)\"                   title=\"Drachenbootfestival 2019 LR (7)\" \/>            <\/div>            <div class=\"\">                                                      <\/div>          <\/div>        <\/div>                        <\/a>              <\/div>            <div class=\"bwg-item\">        <a class=\"bwg-a  bwg_lightbox\"  data-image-id=\"4984\" href=\"https:\/\/max-emden.de\/wordpress\/wp-content\/uploads\/photo-gallery\/Drachenbootfestival_2019_LR_(9).jpg?bwg=1561387808\" data-elementor-open-lightbox=\"no\">                <div class=\"bwg-item0 \">          <div class=\"bwg-item1 \">            <div class=\"bwg-item2\">              <img decoding=\"async\" class=\"skip-lazy bwg_standart_thumb_img_0 \"                   data-id=\"4984\"                   data-width=\"300\"                   data-height=\"162\"                   data-src=\"https:\/\/max-emden.de\/wordpress\/wp-content\/uploads\/photo-gallery\/thumb\/Drachenbootfestival_2019_LR_(9).jpg?bwg=1561387808\"                   src=\"https:\/\/max-emden.de\/wordpress\/wp-content\/uploads\/photo-gallery\/thumb\/Drachenbootfestival_2019_LR_(9).jpg?bwg=1561387808\"                   alt=\"Drachenbootfestival 2019 LR (9)\"                   title=\"Drachenbootfestival 2019 LR (9)\" \/>            <\/div>            <div class=\"\">                                                      <\/div>          <\/div>        <\/div>                        <\/a>              <\/div>            <div class=\"bwg-item\">        <a class=\"bwg-a  bwg_lightbox\"  data-image-id=\"4983\" href=\"https:\/\/max-emden.de\/wordpress\/wp-content\/uploads\/photo-gallery\/Drachenbootfestival_2019_LR_(2).jpg?bwg=1561387808\" data-elementor-open-lightbox=\"no\">                <div class=\"bwg-item0 \">          <div class=\"bwg-item1 \">            <div class=\"bwg-item2\">              <img decoding=\"async\" class=\"skip-lazy bwg_standart_thumb_img_0 \"                   data-id=\"4983\"                   data-width=\"300\"                   data-height=\"225\"                   data-src=\"https:\/\/max-emden.de\/wordpress\/wp-content\/uploads\/photo-gallery\/thumb\/Drachenbootfestival_2019_LR_(2).jpg?bwg=1561387808\"                   src=\"https:\/\/max-emden.de\/wordpress\/wp-content\/uploads\/photo-gallery\/thumb\/Drachenbootfestival_2019_LR_(2).jpg?bwg=1561387808\"                   alt=\"Drachenbootfestival 2019 LR (2)\"                   title=\"Drachenbootfestival 2019 LR (2)\" \/>            <\/div>            <div class=\"\">                                                      <\/div>          <\/div>        <\/div>                        <\/a>              <\/div>            <div class=\"bwg-item\">        <a class=\"bwg-a  bwg_lightbox\"  data-image-id=\"4982\" href=\"https:\/\/max-emden.de\/wordpress\/wp-content\/uploads\/photo-gallery\/Drachenbootfestival_2019_LR_(8).jpg?bwg=1561387808\" data-elementor-open-lightbox=\"no\">                <div class=\"bwg-item0 \">          <div class=\"bwg-item1 \">            <div class=\"bwg-item2\">              <img decoding=\"async\" class=\"skip-lazy bwg_standart_thumb_img_0 \"                   data-id=\"4982\"                   data-width=\"300\"                   data-height=\"169\"                   data-src=\"https:\/\/max-emden.de\/wordpress\/wp-content\/uploads\/photo-gallery\/thumb\/Drachenbootfestival_2019_LR_(8).jpg?bwg=1561387808\"                   src=\"https:\/\/max-emden.de\/wordpress\/wp-content\/uploads\/photo-gallery\/thumb\/Drachenbootfestival_2019_LR_(8).jpg?bwg=1561387808\"                   alt=\"Drachenbootfestival 2019 LR (8)\"                   title=\"Drachenbootfestival 2019 LR (8)\" \/>            <\/div>            <div class=\"\">                                                      <\/div>          <\/div>        <\/div>                        <\/a>              <\/div>            <div class=\"bwg-item\">        <a class=\"bwg-a  bwg_lightbox\"  data-image-id=\"4981\" href=\"https:\/\/max-emden.de\/wordpress\/wp-content\/uploads\/photo-gallery\/Drachenbootfestival_2019_LR_(5).jpg?bwg=1561387808\" data-elementor-open-lightbox=\"no\">                <div class=\"bwg-item0 \">          <div class=\"bwg-item1 \">            <div class=\"bwg-item2\">              <img decoding=\"async\" class=\"skip-lazy bwg_standart_thumb_img_0 \"                   data-id=\"4981\"                   data-width=\"300\"                   data-height=\"225\"                   data-src=\"https:\/\/max-emden.de\/wordpress\/wp-content\/uploads\/photo-gallery\/thumb\/Drachenbootfestival_2019_LR_(5).jpg?bwg=1561387808\"                   src=\"https:\/\/max-emden.de\/wordpress\/wp-content\/uploads\/photo-gallery\/thumb\/Drachenbootfestival_2019_LR_(5).jpg?bwg=1561387808\"                   alt=\"Drachenbootfestival 2019 LR (5)\"                   title=\"Drachenbootfestival 2019 LR (5)\" \/>            <\/div>            <div class=\"\">                                                      <\/div>          <\/div>        <\/div>                        <\/a>              <\/div>            <div class=\"bwg-item\">        <a class=\"bwg-a  bwg_lightbox\"  data-image-id=\"4980\" href=\"https:\/\/max-emden.de\/wordpress\/wp-content\/uploads\/photo-gallery\/Drachenbootfestival_2019_LR_(1).jpg?bwg=1561387808\" data-elementor-open-lightbox=\"no\">                <div class=\"bwg-item0 \">          <div class=\"bwg-item1 \">            <div class=\"bwg-item2\">              <img decoding=\"async\" class=\"skip-lazy bwg_standart_thumb_img_0 \"                   data-id=\"4980\"                   data-width=\"300\"                   data-height=\"225\"                   data-src=\"https:\/\/max-emden.de\/wordpress\/wp-content\/uploads\/photo-gallery\/thumb\/Drachenbootfestival_2019_LR_(1).jpg?bwg=1561387808\"                   src=\"https:\/\/max-emden.de\/wordpress\/wp-content\/uploads\/photo-gallery\/thumb\/Drachenbootfestival_2019_LR_(1).jpg?bwg=1561387808\"                   alt=\"Drachenbootfestival 2019 LR (1)\"                   title=\"Drachenbootfestival 2019 LR (1)\" \/>            <\/div>            <div class=\"\">                                                      <\/div>          <\/div>        <\/div>                        <\/a>              <\/div>          <\/div>    <style>      \/*pagination styles*\/      #bwg_container1_0 #bwg_container2_0 .tablenav-pages_0 {\t\t\t\ttext-align: center;\t\t\t\tfont-size: 12px;\t\t\t\tfont-family: segoe ui;\t\t\t\tfont-weight: bold;\t\t\t\tcolor: #666666;\t\t\t\tmargin: 6px 0 4px;\t\t\t\tdisplay: block;      }      @media only screen and (max-width : 320px) {      #bwg_container1_0 #bwg_container2_0 .displaying-num_0 {     \t display: none;      }      }      #bwg_container1_0 #bwg_container2_0 .displaying-num_0 {\t\t\t\tfont-size: 12px;\t\t\t\tfont-family: segoe ui;\t\t\t\tfont-weight: bold;\t\t\t\tcolor: #666666;\t\t\t\tmargin-right: 10px;\t\t\t\tvertical-align: middle;      }      #bwg_container1_0 #bwg_container2_0 .paging-input_0 {\t\t\t\tfont-size: 12px;\t\t\t\tfont-family: segoe ui;\t\t\t\tfont-weight: bold;\t\t\t\tcolor: #666666;\t\t\t\tvertical-align: middle;      }      #bwg_container1_0 #bwg_container2_0 .tablenav-pages_0 a.disabled,      #bwg_container1_0 #bwg_container2_0 .tablenav-pages_0 a.disabled:hover,      #bwg_container1_0 #bwg_container2_0 .tablenav-pages_0 a.disabled:focus,\t\t\t#bwg_container1_0 #bwg_container2_0 .tablenav-pages_0 input.bwg_current_page {\t\t\t\tcursor: default;\t\t\t\tcolor: rgba(102, 102, 102, 0.5);      }      #bwg_container1_0 #bwg_container2_0 .tablenav-pages_0 a,      #bwg_container1_0 #bwg_container2_0 .tablenav-pages_0 input.bwg_current_page {\t\t\t\tcursor: pointer;\t\t\t\ttext-align: center;\t\t\t\tfont-size: 12px;\t\t\t\tfont-family: segoe ui;\t\t\t\tfont-weight: bold;\t\t\t\tcolor: #666666;\t\t\t\ttext-decoration: none;\t\t\t\tpadding: 3px 6px;\t\t\t\tmargin: 0;\t\t\t\tborder-radius: 0;\t\t\t\tborder-style: solid;\t\t\t\tborder-width: 1px;\t\t\t\tborder-color: #E3E3E3;\t\t\t\t\t\t\t\tbackground-color: rgba(255, 255, 255, 1.00);\t\t\t\tbox-shadow: 0;\t\t\t\ttransition: all 0.3s ease 0s;-webkit-transition: all 0.3s ease 0s;      }      <\/style>      <span class=\"bwg_nav_cont_0\">              <div class=\"tablenav-pages_0\">                  <\/div>                <input type=\"hidden\" id=\"page_number_0\" name=\"page_number_0\" value=\"1\" \/>      <script type=\"text\/javascript\">        if( jQuery('.bwg_nav_cont_0').length > 1 ) {          jQuery('.bwg_nav_cont_0').first().remove()        }        function spider_page_0(cur, x, y, load_more) {          if (typeof load_more == \"undefined\") {            var load_more = false;          }          if (jQuery(cur).hasClass('disabled')) {            return false;          }          var items_county_0 = 1;          switch (y) {            case 1:              if (x >= items_county_0) {                document.getElementById('page_number_0').value = items_county_0;              }              else {                document.getElementById('page_number_0').value = x + 1;              }              break;            case 2:              document.getElementById('page_number_0').value = items_county_0;              break;            case -1:              if (x == 1) {                document.getElementById('page_number_0').value = 1;              }              else {                document.getElementById('page_number_0').value = x - 1;              }              break;            case -2:              document.getElementById('page_number_0').value = 1;              break;\t\t\t\t\t\tcase 0:              document.getElementById('page_number_0').value = x;              break;            default:              document.getElementById('page_number_0').value = 1;          }          bwg_ajax('gal_front_form_0', '0', 'bwg_thumbnails_0', '0', '', 'gallery', 0, '', '', load_more, '', 1);        }                    jQuery('.first-page-0').on('click', function () {              spider_page_0(this, 1, -2, 'numeric');              return false;            });            jQuery('.prev-page-0').on('click', function () {              spider_page_0(this, 1, -1, 'numeric');              return false;            });            jQuery('.next-page-0').on('click', function () {              spider_page_0(this, 1, 1, 'numeric');              return false;            });            jQuery('.last-page-0').on('click', function () {              spider_page_0(this, 1, 2, 'numeric');              return false;            });        \t\t\t\t\/* Change page on input enter. *\/        function bwg_change_page_0( e, that ) {          if (  e.key == 'Enter' ) {            var to_page = parseInt(jQuery(that).val());            var pages_count = jQuery(that).parents(\".pagination-links\").data(\"pages-count\");            var current_url_param = jQuery(that).attr('data-url-info');            if (to_page > pages_count) {              to_page = 1;            }\t \t\t\t\t\t\t\t\t\t\t\t\tspider_page_0(this, to_page, 0, 'numeric');\t\t\t\t\t\t\treturn false;\t\t\t\t\t\t          }          return true;        }        jQuery('.bwg_load_btn_0').on('click', function () {            spider_page_0(this, 1, 1, true);            return false;        });      <\/script>      <\/span>                <\/div>        <\/form>        <style>          #bwg_container1_0 #bwg_container2_0 #spider_popup_overlay_0 {          background-color: #000000;          opacity: 0.70;          }          <\/style>        <div id=\"bwg_spider_popup_loading_0\" class=\"bwg_spider_popup_loading\"><\/div>        <div id=\"spider_popup_overlay_0\" class=\"spider_popup_overlay\" onclick=\"spider_destroypopup(1000)\"><\/div>        <input type=\"hidden\" id=\"bwg_random_seed_0\" value=\"1288766064\">                <\/div>    <\/div>    <script>      if (document.readyState === 'complete') {        if( typeof bwg_main_ready == 'function' ) {          if ( jQuery(\"#bwg_container1_0\").height() ) {            bwg_main_ready(jQuery(\"#bwg_container1_0\"));          }        }      } else {        document.addEventListener('DOMContentLoaded', function() {          if( typeof bwg_main_ready == 'function' ) {            if ( jQuery(\"#bwg_container1_0\").height() ) {             bwg_main_ready(jQuery(\"#bwg_container1_0\"));            }          }        });      }    <\/script>    \n","protected":false},"excerpt":{"rendered":"<p>Nach wochenlangem Training machten sich ein Team angehender Abiturienten und zahlreiche ehemalige Sch\u00fcler, die nun f\u00fcr den Emder Ruderverein starten, auf den Weg zu einer<a class=\"moretag\" href=\"https:\/\/max-emden.de\/wordpress\/emder-bei-drachenbootfestival-in-hannover-erfolgreich\/\"> [&#8230;]<\/a><\/p>\n","protected":false},"author":3,"featured_media":8338,"comment_status":"closed","ping_status":"closed","sticky":false,"template":"","format":"standard","meta":{"footnotes":""},"categories":[13],"tags":[],"class_list":["post-8333","post","type-post","status-publish","format-standard","has-post-thumbnail","hentry","category-rudergymnasium"],"_links":{"self":[{"href":"https:\/\/max-emden.de\/wordpress\/wp-json\/wp\/v2\/posts\/8333","targetHints":{"allow":["GET"]}}],"collection":[{"href":"https:\/\/max-emden.de\/wordpress\/wp-json\/wp\/v2\/posts"}],"about":[{"href":"https:\/\/max-emden.de\/wordpress\/wp-json\/wp\/v2\/types\/post"}],"author":[{"embeddable":true,"href":"https:\/\/max-emden.de\/wordpress\/wp-json\/wp\/v2\/users\/3"}],"replies":[{"embeddable":true,"href":"https:\/\/max-emden.de\/wordpress\/wp-json\/wp\/v2\/comments?post=8333"}],"version-history":[{"count":4,"href":"https:\/\/max-emden.de\/wordpress\/wp-json\/wp\/v2\/posts\/8333\/revisions"}],"predecessor-version":[{"id":8385,"href":"https:\/\/max-emden.de\/wordpress\/wp-json\/wp\/v2\/posts\/8333\/revisions\/8385"}],"wp:featuredmedia":[{"embeddable":true,"href":"https:\/\/max-emden.de\/wordpress\/wp-json\/wp\/v2\/media\/8338"}],"wp:attachment":[{"href":"https:\/\/max-emden.de\/wordpress\/wp-json\/wp\/v2\/media?parent=8333"}],"wp:term":[{"taxonomy":"category","embeddable":true,"href":"https:\/\/max-emden.de\/wordpress\/wp-json\/wp\/v2\/categories?post=8333"},{"taxonomy":"post_tag","embeddable":true,"href":"https:\/\/max-emden.de\/wordpress\/wp-json\/wp\/v2\/tags?post=8333"}],"curies":[{"name":"wp","href":"https:\/\/api.w.org\/{rel}","templated":true}]}}