{"id":8513,"date":"2019-09-11T11:02:25","date_gmt":"2019-09-11T11:02:25","guid":{"rendered":"http:\/\/max-emden.de\/wordpress\/?p=8513"},"modified":"2019-09-25T15:02:15","modified_gmt":"2019-09-25T15:02:15","slug":"max-schueler-erhielten-besuch-aus-den-usa","status":"publish","type":"post","link":"https:\/\/max-emden.de\/wordpress\/max-schueler-erhielten-besuch-aus-den-usa\/","title":{"rendered":"Max-Sch\u00fcler erhielten Besuch aus den USA"},"content":{"rendered":"<p style=\"text-align: justify;\">Nach einer etwas l\u00e4ngeren Pause endlich wieder Besuch aus den USA: Zum ersten Mal seit 2014 waren wieder 14 Sch\u00fclerinnen und Sch\u00fcler der Irondequoit High School in Rochester im Staate New York zu Gast am Max. Nachdem sie bereits Berlin und Weimar erkundet hatten, reisten die Amerikaner nach Ostfriesland, um ihre Austauschpartner in Emden zu treffen.<!--more--> Gut eine Woche erlebten die \u00fcberseeischen Besucher bei allerbestem Wetter ein vielf\u00e4ltiges Programm: Neben einer \u00dcbernachtung auf dem Nabu-Bauernhof und einer Wattwanderung nach Baltrum standen auch eine Drachenboottour auf dem Stadtgraben oder eine Fahrt nach Bremen auf dem Programm. Organisiert wurde dieses von Franziska Eber und Carsten Richter, die damit eine inzwischen stattliche Tradition fortf\u00fchren, denn der Kontakt nach Rochester besteht seit 2003. Dass der aktuelle Austausch stattfindet, freut auch Schulleiter Frank Tapper: \u201eEs gibt f\u00fcr junge Menschen kaum etwas Wertvolleres, als die Gelegenheit, in einem interkulturellen Austausch aus erster Hand Erfahrungen zu sammeln, Fremdsprachenkenntnisse zu verbessern und den eigenen Horizont zu erweitern.\u201c<\/p>\n<figure id=\"attachment_8516\" aria-describedby=\"caption-attachment-8516\" style=\"width: 900px\" class=\"wp-caption aligncenter\"><a href=\"https:\/\/max-emden.de\/wordpress\/wp-content\/uploads\/2019\/09\/USA-2019-LR-1.jpg\"><img fetchpriority=\"high\" decoding=\"async\" class=\"wp-image-8516 size-full\" src=\"https:\/\/max-emden.de\/wordpress\/wp-content\/uploads\/2019\/09\/USA-2019-LR-1.jpg\" alt=\"\" width=\"900\" height=\"600\" srcset=\"https:\/\/max-emden.de\/wordpress\/wp-content\/uploads\/2019\/09\/USA-2019-LR-1.jpg 900w, https:\/\/max-emden.de\/wordpress\/wp-content\/uploads\/2019\/09\/USA-2019-LR-1-300x200.jpg 300w, https:\/\/max-emden.de\/wordpress\/wp-content\/uploads\/2019\/09\/USA-2019-LR-1-768x512.jpg 768w\" sizes=\"(max-width: 900px) 100vw, 900px\" \/><\/a><figcaption id=\"caption-attachment-8516\" class=\"wp-caption-text\">Deutsch-amerikanische Rast an der Emder Kunsthalle<\/figcaption><\/figure>\n<p style=\"text-align: justify;\">Zum Ende einer intensiven Zeit in Emden gab es am Emder Bahnhof reichlich Tr\u00e4nen, doch w\u00e4hrt die Trennung nur kurz: Bereits Ende September steht der Gegenbesuch bevor: Vom 20.9.-2.10.2019 fahren die Max-Sch\u00fclerinnen und -Sch\u00fcler nach Rochester, um ihre Austauschpartner zu besuchen. Allerdings geht es nach dem Flug \u00fcber den Atlantik zun\u00e4chst nach New York City, wo die Emder drei Tage in Manhattan verbringen werden, bevor es an den Lake Ontario geht, in dessen N\u00e4he Rochester liegt. Unweit der Niagaraf\u00e4lle, die nat\u00fcrlich auch zum Programm in den USA geh\u00f6ren werden, verbringen die Emder eine gute Woche in der Millionenstadt in den Familien ihrer Partner, um den \u201eAmerican way of life\u201c kennenzulernen.<\/p>\n","protected":false},"excerpt":{"rendered":"<p>Nach einer etwas l\u00e4ngeren Pause endlich wieder Besuch aus den USA: Zum ersten Mal seit 2014 waren wieder 14 Sch\u00fclerinnen und Sch\u00fcler der Irondequoit High<a class=\"moretag\" href=\"https:\/\/max-emden.de\/wordpress\/max-schueler-erhielten-besuch-aus-den-usa\/\"> [&#8230;]<\/a><\/p>\n","protected":false},"author":3,"featured_media":8515,"comment_status":"closed","ping_status":"closed","sticky":false,"template":"","format":"standard","meta":{"footnotes":""},"categories":[59,5,35,8,49,89],"tags":[],"class_list":["post-8513","post","type-post","status-publish","format-standard","has-post-thumbnail","hentry","category-englisch","category-europaschule","category-interkulturelles-lernen","category-max-unterwegs","category-usa","category-unesco"],"_links":{"self":[{"href":"https:\/\/max-emden.de\/wordpress\/wp-json\/wp\/v2\/posts\/8513","targetHints":{"allow":["GET"]}}],"collection":[{"href":"https:\/\/max-emden.de\/wordpress\/wp-json\/wp\/v2\/posts"}],"about":[{"href":"https:\/\/max-emden.de\/wordpress\/wp-json\/wp\/v2\/types\/post"}],"author":[{"embeddable":true,"href":"https:\/\/max-emden.de\/wordpress\/wp-json\/wp\/v2\/users\/3"}],"replies":[{"embeddable":true,"href":"https:\/\/max-emden.de\/wordpress\/wp-json\/wp\/v2\/comments?post=8513"}],"version-history":[{"count":7,"href":"https:\/\/max-emden.de\/wordpress\/wp-json\/wp\/v2\/posts\/8513\/revisions"}],"predecessor-version":[{"id":8576,"href":"https:\/\/max-emden.de\/wordpress\/wp-json\/wp\/v2\/posts\/8513\/revisions\/8576"}],"wp:featuredmedia":[{"embeddable":true,"href":"https:\/\/max-emden.de\/wordpress\/wp-json\/wp\/v2\/media\/8515"}],"wp:attachment":[{"href":"https:\/\/max-emden.de\/wordpress\/wp-json\/wp\/v2\/media?parent=8513"}],"wp:term":[{"taxonomy":"category","embeddable":true,"href":"https:\/\/max-emden.de\/wordpress\/wp-json\/wp\/v2\/categories?post=8513"},{"taxonomy":"post_tag","embeddable":true,"href":"https:\/\/max-emden.de\/wordpress\/wp-json\/wp\/v2\/tags?post=8513"}],"curies":[{"name":"wp","href":"https:\/\/api.w.org\/{rel}","templated":true}]}}