{"id":87,"date":"2015-01-17T12:34:07","date_gmt":"2015-01-17T12:34:07","guid":{"rendered":"http:\/\/cms06169.apps-1and1.net\/?p=87"},"modified":"2015-07-24T11:42:34","modified_gmt":"2015-07-24T11:42:34","slug":"volleyballerinnen-haben-sich-fuer-den-bezirksentscheid-qualifiziert","status":"publish","type":"post","link":"https:\/\/max-emden.de\/wordpress\/volleyballerinnen-haben-sich-fuer-den-bezirksentscheid-qualifiziert\/","title":{"rendered":"Volleyballerinnen haben sich f\u00fcr den Bezirksentscheid qualifiziert"},"content":{"rendered":"<p style=\"text-align: justify;\">Mit einem klaren Sieg in zwei S\u00e4tzen setzten sich die Volleyballerinnen des Gymnasiums am Treckfahrtstief am Mittwoch gegen das Team der KGS Wiesmoor durch. Beim Jugend trainiert f\u00fcr Olympia-Kreisgruppenentscheid in Leer konnten die Emderinnen ihre Dominanz schon fr\u00fch deutlich machen und einen letztlich ungef\u00e4hrdeten Sieg einfahren.<\/p>\n<p style=\"text-align: justify;\"><!--more-->Mit 25:6 und 25:7 gewannen die GaT-M\u00e4dchen das Kreisfinale und fahren nun am 17.2.2015 nach Bad Laer. Dann d\u00fcrfte es allerdings deutlich schwieriger werden erfolgreich zu sein, treten doch dort traditionell sehr spielstarke Mannschaften an. Insofern gilt es f\u00fcr die Emderinnen und ihren Coach Heinz Kleinert vorrangig darum, Erfahrungen zu sammeln. Ohne Hoffnung fahren die M\u00e4dchen allerdings nicht nach S\u00fcdniedersachsen: \u201eWir geben unser Bestes und hoffen auf unser Gl\u00fcck.\u201c<\/p>\n<p>&#8230;\u00a0<a href=\"http:\/\/www.gat-emden.de\/presse\/2015\/oz1701Volleyball.jpg\" target=\"_blank\">Bericht der OZ<\/a>\u00a0\u00a0\u00a0\u00a0\u00a0&#8230;\u00a0<a href=\"http:\/\/www.gat-emden.de\/presse\/2015\/ez1701Volleyball.jpg\" target=\"_blank\">Bericht der EZ<\/a><\/p>\n<p>&nbsp;<\/p>\n<p>&nbsp;<\/p>\n","protected":false},"excerpt":{"rendered":"<p>Mit einem klaren Sieg in zwei S\u00e4tzen setzten sich die Volleyballerinnen des Gymnasiums am Treckfahrtstief am Mittwoch gegen das Team der KGS Wiesmoor durch. Beim<a class=\"moretag\" href=\"https:\/\/max-emden.de\/wordpress\/volleyballerinnen-haben-sich-fuer-den-bezirksentscheid-qualifiziert\/\"> [&#8230;]<\/a><\/p>\n","protected":false},"author":1,"featured_media":88,"comment_status":"closed","ping_status":"closed","sticky":false,"template":"","format":"standard","meta":{"footnotes":""},"categories":[52],"tags":[],"class_list":["post-87","post","type-post","status-publish","format-standard","has-post-thumbnail","hentry","category-sport"],"_links":{"self":[{"href":"https:\/\/max-emden.de\/wordpress\/wp-json\/wp\/v2\/posts\/87","targetHints":{"allow":["GET"]}}],"collection":[{"href":"https:\/\/max-emden.de\/wordpress\/wp-json\/wp\/v2\/posts"}],"about":[{"href":"https:\/\/max-emden.de\/wordpress\/wp-json\/wp\/v2\/types\/post"}],"author":[{"embeddable":true,"href":"https:\/\/max-emden.de\/wordpress\/wp-json\/wp\/v2\/users\/1"}],"replies":[{"embeddable":true,"href":"https:\/\/max-emden.de\/wordpress\/wp-json\/wp\/v2\/comments?post=87"}],"version-history":[{"count":3,"href":"https:\/\/max-emden.de\/wordpress\/wp-json\/wp\/v2\/posts\/87\/revisions"}],"predecessor-version":[{"id":616,"href":"https:\/\/max-emden.de\/wordpress\/wp-json\/wp\/v2\/posts\/87\/revisions\/616"}],"wp:featuredmedia":[{"embeddable":true,"href":"https:\/\/max-emden.de\/wordpress\/wp-json\/wp\/v2\/media\/88"}],"wp:attachment":[{"href":"https:\/\/max-emden.de\/wordpress\/wp-json\/wp\/v2\/media?parent=87"}],"wp:term":[{"taxonomy":"category","embeddable":true,"href":"https:\/\/max-emden.de\/wordpress\/wp-json\/wp\/v2\/categories?post=87"},{"taxonomy":"post_tag","embeddable":true,"href":"https:\/\/max-emden.de\/wordpress\/wp-json\/wp\/v2\/tags?post=87"}],"curies":[{"name":"wp","href":"https:\/\/api.w.org\/{rel}","templated":true}]}}