{"id":9034,"date":"2020-03-06T10:17:04","date_gmt":"2020-03-06T10:17:04","guid":{"rendered":"http:\/\/max-emden.de\/wordpress\/?p=9034"},"modified":"2020-03-23T10:59:02","modified_gmt":"2020-03-23T10:59:02","slug":"eiszeit-2020","status":"publish","type":"post","link":"https:\/\/max-emden.de\/wordpress\/eiszeit-2020\/","title":{"rendered":"Eiszeit 2020"},"content":{"rendered":"<p style=\"text-align: justify;\">Nachdem das Max Windm\u00fcller Gymnasium das Thema Gleiten (auf dem Eis) in den schulinternen Lehrplan aufgenommen hat, hat die Fachgruppe Sport das Angebot zur Eiszeit Schlittschuh zu laufen weiter verfeinert.<!--more-->\u00a0Trotz des Stundenplanwechsels zum Halbjahr gelang es dem Stundenplankoordinator je zwei Sportstunden der f\u00fcnften Klassen mit zwei Sportlehrern auf das Eis zu verlegen und dann noch eine vierst\u00fcndige \u00a0Abschlussveranstaltung mit Spielen und Klassenwettk\u00e4mpfen aller f\u00fcnften Klassen zu erm\u00f6glichen.<\/p>\n<p style=\"text-align: justify;\">Die Kinder und nicht nur \u00a0die, die Eislaufen kannten, waren total begeistert. Der Lernfortschritt war immens und der Wille, sich zu bewegen, war sch\u00f6n anzusehen. Die methodischen \u00dcbungsreihen und Spiele in den ersten beiden Doppelstunden taten ihr \u00dcbriges dazu.<\/p>\n<p style=\"text-align: justify;\">Das Eisfest zum Abschluss war f\u00fcr alle Beteiligten ein Erlebnis, bei dem nun nicht nur die Sportlehrer dabei waren, sondern auch die Fachlehrer, die sich beim Eisstockschie\u00dfen erprobten. Alle konnten sich an dem Bewegungsdrang der Kinder erfreuen.<\/p>\n<p style=\"text-align: justify;\">Die Sportlehrer lobten Ihrer Sch\u00fcler und Sch\u00fclerinnen \u00fcber die Ma\u00dfen, wie sie nach den zwei Unterrichtseinheiten \u00fcber das Eis flitzten. Bei den Spielen wurde in verschiedenen Disziplinen die schnellste Klasse beim Robbentreiben und verschiedenen Pendelstaffeln ermittelt. Die Platzierungen bei den Wettbewerben waren bunt gemischt. Am Ende hatte die 5 a die Nase vorn.<\/p>\n<p style=\"text-align: justify;\">Bei der abschlie\u00dfenden \u201eDisko\u201c war nicht nur die Robbe als Tanz auf dem Eis zu \u201ebewundern\u201c, sondern auch andere \u00dcbungen, die in den Wochen vorher miteinander ge\u00fcbt wurden.<\/p>\n<p style=\"text-align: justify;\">Das Eis und Schnee in diesem Winter fehlten, merkte man auch daran, dass die Kinder aus dem Eisabrieb versuchten, einen Schneemann zu bauen.<\/p>\n<p style=\"text-align: justify;\">Als Fazit gab es rundum zufriedene Gesichter.<\/p>\n","protected":false},"excerpt":{"rendered":"<p>Nachdem das Max Windm\u00fcller Gymnasium das Thema Gleiten (auf dem Eis) in den schulinternen Lehrplan aufgenommen hat, hat die Fachgruppe Sport das Angebot zur Eiszeit<a class=\"moretag\" href=\"https:\/\/max-emden.de\/wordpress\/eiszeit-2020\/\"> [&#8230;]<\/a><\/p>\n","protected":false},"author":1,"featured_media":9035,"comment_status":"closed","ping_status":"closed","sticky":false,"template":"","format":"standard","meta":{"footnotes":""},"categories":[52],"tags":[],"class_list":["post-9034","post","type-post","status-publish","format-standard","has-post-thumbnail","hentry","category-sport"],"_links":{"self":[{"href":"https:\/\/max-emden.de\/wordpress\/wp-json\/wp\/v2\/posts\/9034","targetHints":{"allow":["GET"]}}],"collection":[{"href":"https:\/\/max-emden.de\/wordpress\/wp-json\/wp\/v2\/posts"}],"about":[{"href":"https:\/\/max-emden.de\/wordpress\/wp-json\/wp\/v2\/types\/post"}],"author":[{"embeddable":true,"href":"https:\/\/max-emden.de\/wordpress\/wp-json\/wp\/v2\/users\/1"}],"replies":[{"embeddable":true,"href":"https:\/\/max-emden.de\/wordpress\/wp-json\/wp\/v2\/comments?post=9034"}],"version-history":[{"count":3,"href":"https:\/\/max-emden.de\/wordpress\/wp-json\/wp\/v2\/posts\/9034\/revisions"}],"predecessor-version":[{"id":9140,"href":"https:\/\/max-emden.de\/wordpress\/wp-json\/wp\/v2\/posts\/9034\/revisions\/9140"}],"wp:featuredmedia":[{"embeddable":true,"href":"https:\/\/max-emden.de\/wordpress\/wp-json\/wp\/v2\/media\/9035"}],"wp:attachment":[{"href":"https:\/\/max-emden.de\/wordpress\/wp-json\/wp\/v2\/media?parent=9034"}],"wp:term":[{"taxonomy":"category","embeddable":true,"href":"https:\/\/max-emden.de\/wordpress\/wp-json\/wp\/v2\/categories?post=9034"},{"taxonomy":"post_tag","embeddable":true,"href":"https:\/\/max-emden.de\/wordpress\/wp-json\/wp\/v2\/tags?post=9034"}],"curies":[{"name":"wp","href":"https:\/\/api.w.org\/{rel}","templated":true}]}}