{"id":9220,"date":"2020-03-26T18:33:27","date_gmt":"2020-03-26T18:33:27","guid":{"rendered":"http:\/\/max-emden.de\/wordpress\/?p=9220"},"modified":"2020-04-17T10:38:19","modified_gmt":"2020-04-17T10:38:19","slug":"pedaloholics-max-team-bei-jugend-gruendet-unter-den-besten-32-gruppen","status":"publish","type":"post","link":"https:\/\/max-emden.de\/wordpress\/pedaloholics-max-team-bei-jugend-gruendet-unter-den-besten-32-gruppen\/","title":{"rendered":"Pedaloholics: Max-Team bei &#8222;Jugend gr\u00fcndet&#8220; unter den besten 32 Gruppen"},"content":{"rendered":"<p style=\"text-align: justify;\">Eigentlich w\u00e4re es f\u00fcr die &#8222;Pedaloholics&#8220; kurz vor den Osterferien nach Berlin gegangen: Aus \u00fcber 700 Projektideen war die Bewerbung des\u00a0 Teams mit Nico K\u00f6nig, Julia Biskub und Finn Harders unter die besten 32 Ideen gew\u00e4hlt worden. Damit hatten sich die drei Sch\u00fcler des 11. und 12. Jahrganges f\u00fcr ein Pitch-Event in der Bundeshauptstadt qualifiziert:<!--more--> Zusammen mit sieben weiteren Teilnehmern h\u00e4tte das Team dort seine Idee einer Jury vorstellen sollen, um sich damit eventuell f\u00fcr das Bundesfinale in Stuttgart zu qualifizieren&#8230;<\/p>\n<p style=\"text-align: justify;\">Doch das Corona-Virus hat daf\u00fcr gesorgt, dass diese besondere Reise leider nicht stattfinden konnte: Wie auch in M\u00fcnster und Leipzig fiel das Pitch-Event in Berlin der besonderen Sicherheitslage zum Opfer, sodass von den vier geplanten Veranstaltungen lediglich eine einzige in M\u00fcnchen stattfinden konnte.<\/p>\n<p style=\"text-align: justify;\">Trotzdem ist der Wettbewerb nicht vor\u00fcber: Stattdessen wird jetzt online gepitcht! Wie ihre Mitbewerber auch stellen Nico, Julia und Finn ihre Idee via Internet vor und hoffen, die Jury auf diese Weise \u00fcberzeugen zu k\u00f6nnen. Die Macher von Jugend gr\u00fcndet sind auf jeden Fall entschlossen, den Wettbewerb auch unter diesen besonderen Bedingungen durchzuf\u00fchren.<\/p>\n<figure id=\"attachment_9223\" aria-describedby=\"caption-attachment-9223\" style=\"width: 733px\" class=\"wp-caption aligncenter\"><a href=\"https:\/\/max-emden.de\/wordpress\/wp-content\/uploads\/2020\/03\/Jugend-gr\u00fcndet-LR-2.jpg\"><img fetchpriority=\"high\" decoding=\"async\" class=\"wp-image-9223 size-full\" src=\"https:\/\/max-emden.de\/wordpress\/wp-content\/uploads\/2020\/03\/Jugend-gr\u00fcndet-LR-2.jpg\" alt=\"\" width=\"733\" height=\"600\" srcset=\"https:\/\/max-emden.de\/wordpress\/wp-content\/uploads\/2020\/03\/Jugend-gr\u00fcndet-LR-2.jpg 733w, https:\/\/max-emden.de\/wordpress\/wp-content\/uploads\/2020\/03\/Jugend-gr\u00fcndet-LR-2-300x246.jpg 300w\" sizes=\"(max-width: 733px) 100vw, 733px\" \/><\/a><figcaption id=\"caption-attachment-9223\" class=\"wp-caption-text\">Finn und Nico bei Besorgungen auf dem Wochenmarkt.<\/figcaption><\/figure>\n<p style=\"text-align: justify;\">Und es gibt auch gute Nachrichten: W\u00e4hrend f\u00fcr viele andere Teams die Virus-Pause sicherlich eher hinderlich ist, trifft die Idee der Pedaloholics den Puls der Zeit! Mit seiner Idee eines nachhaltigen Einkaufsservices per Lastenrad ist das Team in Corona-Zeiten aktiv und liefert Eink\u00e4ufe vom Wochenmarkt an Senioren aus, die angesichts der Gesundheitsgefahr lieber nicht das Haus verlassen wollen.<\/p>\n<p style=\"text-align: justify;\">&#8222;\u00c4pfel und gro\u00dfe T\u00fcten frisch gepressten Apfelsaft, Holzofenbrote, Gem\u00fcse vom Biobauern, das stand auf den Einkaufszetteln, die wir entweder \u00fcber Whatsapp abfotografiert erhalten haben, oder die im Briefkasten lagen. Die Bezahlung erfolgt \u00fcber einen Briefumschlag im Austausch gegen die Quittungen oder Notizen zum Einkaufspreis&#8220;, schildert Nico K\u00f6nig die ersten Erfahrungen des eigentlich ungeplanten Praxistests. Solange die unfreiwilligen Ferien andauern, will das Team den Hilfsdienst auf jeden Fall fortf\u00fchren. Unterst\u00fctzt wird es dabei von der Hochschule Emden\/Leer, die ihr Lastenrad zur Verf\u00fcgung gestellt hat.<\/p>\n<p><a href=\"https:\/\/max-emden.de\/wordpress\/wp-content\/uploads\/2020\/03\/Jugend-gr\u00fcndet-LR-1.jpg\"><img decoding=\"async\" class=\"aligncenter wp-image-9222 size-full\" src=\"https:\/\/max-emden.de\/wordpress\/wp-content\/uploads\/2020\/03\/Jugend-gr\u00fcndet-LR-1.jpg\" alt=\"Warten schon auf die n\u00e4chste Bestellung: Autr\u00e4ge werden per Brief, Whatsapp oder Telefon entgegengenommen.\" width=\"600\" height=\"901\" srcset=\"https:\/\/max-emden.de\/wordpress\/wp-content\/uploads\/2020\/03\/Jugend-gr\u00fcndet-LR-1.jpg 600w, https:\/\/max-emden.de\/wordpress\/wp-content\/uploads\/2020\/03\/Jugend-gr\u00fcndet-LR-1-200x300.jpg 200w\" sizes=\"(max-width: 600px) 100vw, 600px\" \/><\/a><\/p>\n<p style=\"text-align: justify;\">Dabei gibt es auch unerwartete W\u00fcnsche: &#8222;Gro\u00dfes Interesse besteht auch an Blumen und Str\u00e4uchern, damit jetzt in dieser Zeit etwas Farbe ins Haus oder auf den Balkon kommt. \u201eDas hebt die Stimmung\u201c, meint eine \u00e4ltere Dame. Wer wei\u00df, wie zuk\u00fcnftig die Regelungen noch die Bewegungsfreiheit einschr\u00e4nken werden. Da macht man es sich in den eigenen vier W\u00e4nden sch\u00f6n.&#8220;<\/p>\n<p>&nbsp;<\/p>\n<p>&nbsp;<\/p>\n","protected":false},"excerpt":{"rendered":"<p>Eigentlich w\u00e4re es f\u00fcr die &#8222;Pedaloholics&#8220; kurz vor den Osterferien nach Berlin gegangen: Aus \u00fcber 700 Projektideen war die Bewerbung des\u00a0 Teams mit Nico K\u00f6nig,<a class=\"moretag\" href=\"https:\/\/max-emden.de\/wordpress\/pedaloholics-max-team-bei-jugend-gruendet-unter-den-besten-32-gruppen\/\"> [&#8230;]<\/a><\/p>\n","protected":false},"author":3,"featured_media":9224,"comment_status":"closed","ping_status":"closed","sticky":false,"template":"","format":"standard","meta":{"footnotes":""},"categories":[3,36],"tags":[],"class_list":["post-9220","post","type-post","status-publish","format-standard","has-post-thumbnail","hentry","category-berufsorientierung","category-klasse-56"],"_links":{"self":[{"href":"https:\/\/max-emden.de\/wordpress\/wp-json\/wp\/v2\/posts\/9220","targetHints":{"allow":["GET"]}}],"collection":[{"href":"https:\/\/max-emden.de\/wordpress\/wp-json\/wp\/v2\/posts"}],"about":[{"href":"https:\/\/max-emden.de\/wordpress\/wp-json\/wp\/v2\/types\/post"}],"author":[{"embeddable":true,"href":"https:\/\/max-emden.de\/wordpress\/wp-json\/wp\/v2\/users\/3"}],"replies":[{"embeddable":true,"href":"https:\/\/max-emden.de\/wordpress\/wp-json\/wp\/v2\/comments?post=9220"}],"version-history":[{"count":6,"href":"https:\/\/max-emden.de\/wordpress\/wp-json\/wp\/v2\/posts\/9220\/revisions"}],"predecessor-version":[{"id":9361,"href":"https:\/\/max-emden.de\/wordpress\/wp-json\/wp\/v2\/posts\/9220\/revisions\/9361"}],"wp:featuredmedia":[{"embeddable":true,"href":"https:\/\/max-emden.de\/wordpress\/wp-json\/wp\/v2\/media\/9224"}],"wp:attachment":[{"href":"https:\/\/max-emden.de\/wordpress\/wp-json\/wp\/v2\/media?parent=9220"}],"wp:term":[{"taxonomy":"category","embeddable":true,"href":"https:\/\/max-emden.de\/wordpress\/wp-json\/wp\/v2\/categories?post=9220"},{"taxonomy":"post_tag","embeddable":true,"href":"https:\/\/max-emden.de\/wordpress\/wp-json\/wp\/v2\/tags?post=9220"}],"curies":[{"name":"wp","href":"https:\/\/api.w.org\/{rel}","templated":true}]}}