{"id":9384,"date":"2020-04-30T15:20:44","date_gmt":"2020-04-30T15:20:44","guid":{"rendered":"http:\/\/max-emden.de\/wordpress\/?p=9384"},"modified":"2020-10-16T12:50:43","modified_gmt":"2020-10-16T12:50:43","slug":"denis-goldberg-ist-gestorben","status":"publish","type":"post","link":"https:\/\/max-emden.de\/wordpress\/denis-goldberg-ist-gestorben\/","title":{"rendered":"Ein K\u00e4mpfer f\u00fcr das Leben: Nachruf auf Denis Goldberg"},"content":{"rendered":"<p style=\"text-align: justify;\">Selten hatte das Max-Windm\u00fcller-Gymnasium einen prominenteren Gast: <a href=\"https:\/\/www.youtube.com\/watch?v=priBoDOb2SE\">Im Juni 2017 besuchte Denis Goldberg das Gymnasium und die Neue Kirche<\/a>, um aus seinem Leben und \u00fcber seinen Kampf f\u00fcr Freiheit und Menschenrechte zu berichten. Als einziger Wei\u00dfer wurde er 1963\/64 w\u00e4hrend des sogenannten Rivonia-Prozesses f\u00fcr seine Taten im Kampf gegen das brutale Regime der s\u00fcdafrikanischen Apartheid-Regierung zu lebenslanger Haft verurteilt. <!--more-->Schon fr\u00fch hatte Goldberg erkannt, dass das System der Rassentrennung ein Verbrechen ist und begonnen sich zur Wehr zu setzen, bis er schlie\u00dflich in Pretoria vor Gericht gestellt wurde- neben weiteren Angeklagten wie Walter Sisulu, Ahmed Kathrada und dem sp\u00e4teren Staatspr\u00e4sidenten und Friedensnobelpreistr\u00e4ger Nelson Mandela.<\/p>\n<p style=\"text-align: justify;\">Alle gemeinsam erwarteten angesichts des unbarmherzigen Kampfes der Regierung gegen ihre Gegner die Todesstrafe. Doch statt dieser verh\u00e4ngte das Gericht, wohl auch angesichts der Furcht vor einer Eskalation der Gewalt, lebenslange Haftstrafen f\u00fcr die sogenannten Verschw\u00f6rer. W\u00e4hrend Mandela und alle weiteren schwarzen Verurteilten auf die Gef\u00e4ngnisinsel Robben Island geschickt wurden, sperrte man Goldberg in Pretoria ein, denn die Rassentrennung galt selbst in der Haft.<\/p>\n<figure id=\"attachment_9392\" aria-describedby=\"caption-attachment-9392\" style=\"width: 1280px\" class=\"wp-caption aligncenter\"><a href=\"https:\/\/max-emden.de\/wordpress\/wp-content\/uploads\/2020\/04\/Denis-2020.jpg\"><img fetchpriority=\"high\" decoding=\"async\" class=\"size-full wp-image-9392\" src=\"https:\/\/max-emden.de\/wordpress\/wp-content\/uploads\/2020\/04\/Denis-2020.jpg\" alt=\"\" width=\"1280\" height=\"960\" srcset=\"https:\/\/max-emden.de\/wordpress\/wp-content\/uploads\/2020\/04\/Denis-2020.jpg 1280w, https:\/\/max-emden.de\/wordpress\/wp-content\/uploads\/2020\/04\/Denis-2020-300x225.jpg 300w, https:\/\/max-emden.de\/wordpress\/wp-content\/uploads\/2020\/04\/Denis-2020-768x576.jpg 768w, https:\/\/max-emden.de\/wordpress\/wp-content\/uploads\/2020\/04\/Denis-2020-1024x768.jpg 1024w\" sizes=\"(max-width: 1280px) 100vw, 1280px\" \/><\/a><figcaption id=\"caption-attachment-9392\" class=\"wp-caption-text\">Denis Goldberg im Februar 2020 mit seiner Lebensgef\u00e4hrtin Deidre Abrahams und S\u00fcdafrikas Pr\u00e4sident Cyril Ramaphosa.<\/figcaption><\/figure>\n<p style=\"text-align: justify;\">Dort verbrachte Goldberg 22 Jahre, bis er 1985 angesichts des zunehmenden Drucks auf das rassistische Regime freigelassen wurde. Er ging zun\u00e4chst nach Israel und sp\u00e4ter nach London. Dort k\u00e4mpfte er im Exil gegen die Apartheid-Regierung und vertrat die Interessen der unterdr\u00fcckten schwarzen Mehrheitsbev\u00f6lkerung vor den Vereinten Nationen in New York.<\/p>\n<p style=\"text-align: justify;\">Nach dem Ende der Rassentrennung blieb Goldberg zun\u00e4chst in Gro\u00dfbritannien, bevor er 2002 nach S\u00fcdafrika zur\u00fcckkehrte. Nach einer kurzen Beratert\u00e4tigkeit f\u00fcr die Regierung engagierte er sich f\u00fcr den Aufbau und die Entwicklung einer neuen s\u00fcdafrikanischen Gesellschaft. Zudem berichtete Denis Goldberg w\u00e4hrend unz\u00e4hliger Vortragsreisen unerm\u00fcdlich aus seinem Leben, um f\u00fcr Menschenrechte, Gleichberechtigung und Freiheit zu werben. 2017 kam Goldberg das letzte Mal nach Europa: Bereits bei seinem Besuch am Max litt er unter gesundheitlichen Problemen, deren Ursache Lungenkrebs war, wie wenig sp\u00e4ter diagnostiziert wurde. Trotz dieser schweren Erkrankung gab er nicht auf und k\u00e4mpfte weiter. Auch dem Max blieb er aus der Ferne verbunden: <a href=\"https:\/\/www.youtube.com\/watch?v=_AYJCTp6KOw\">Im Dezember 2019 sendete er anl\u00e4sslich der Ernennung zur UNESCO-Projektschule eine Video-Gru\u00dfbotschaft, in der er dem Gymnasium gratulierte<\/a>.<\/p>\n<p style=\"text-align: justify;\">Besonders am Herzen lagen ihm bis zum Schluss junge Menschen: Mit dem Ziel, durch Kunst, Musik und Literatur die Situation f\u00fcr arme Kinder und Jugendliche in seiner Heimatgemeinde Hout Bay bei Kapstadt zu verbessern, gr\u00fcndete er eine Stiftung zur Errichtung eines &#8222;House of Hope&#8220;, das in diesem Jahr er\u00f6ffnet werden soll.<\/p>\n<p style=\"text-align: justify;\">Denis Goldberg starb am 29. April 2020 kurz vor Mitternacht im Alter von 87 Jahren.<\/p>\n<p>&nbsp;<\/p>\n<p>&nbsp;<\/p>\n","protected":false},"excerpt":{"rendered":"<p>Selten hatte das Max-Windm\u00fcller-Gymnasium einen prominenteren Gast: Im Juni 2017 besuchte Denis Goldberg das Gymnasium und die Neue Kirche, um aus seinem Leben und \u00fcber<a class=\"moretag\" href=\"https:\/\/max-emden.de\/wordpress\/denis-goldberg-ist-gestorben\/\"> [&#8230;]<\/a><\/p>\n","protected":false},"author":3,"featured_media":9389,"comment_status":"closed","ping_status":"closed","sticky":false,"template":"","format":"standard","meta":{"footnotes":""},"categories":[10,89],"tags":[],"class_list":["post-9384","post","type-post","status-publish","format-standard","has-post-thumbnail","hentry","category-menschenrechte-fuer-alle-verwirklichen","category-unesco"],"_links":{"self":[{"href":"https:\/\/max-emden.de\/wordpress\/wp-json\/wp\/v2\/posts\/9384","targetHints":{"allow":["GET"]}}],"collection":[{"href":"https:\/\/max-emden.de\/wordpress\/wp-json\/wp\/v2\/posts"}],"about":[{"href":"https:\/\/max-emden.de\/wordpress\/wp-json\/wp\/v2\/types\/post"}],"author":[{"embeddable":true,"href":"https:\/\/max-emden.de\/wordpress\/wp-json\/wp\/v2\/users\/3"}],"replies":[{"embeddable":true,"href":"https:\/\/max-emden.de\/wordpress\/wp-json\/wp\/v2\/comments?post=9384"}],"version-history":[{"count":11,"href":"https:\/\/max-emden.de\/wordpress\/wp-json\/wp\/v2\/posts\/9384\/revisions"}],"predecessor-version":[{"id":9505,"href":"https:\/\/max-emden.de\/wordpress\/wp-json\/wp\/v2\/posts\/9384\/revisions\/9505"}],"wp:featuredmedia":[{"embeddable":true,"href":"https:\/\/max-emden.de\/wordpress\/wp-json\/wp\/v2\/media\/9389"}],"wp:attachment":[{"href":"https:\/\/max-emden.de\/wordpress\/wp-json\/wp\/v2\/media?parent=9384"}],"wp:term":[{"taxonomy":"category","embeddable":true,"href":"https:\/\/max-emden.de\/wordpress\/wp-json\/wp\/v2\/categories?post=9384"},{"taxonomy":"post_tag","embeddable":true,"href":"https:\/\/max-emden.de\/wordpress\/wp-json\/wp\/v2\/tags?post=9384"}],"curies":[{"name":"wp","href":"https:\/\/api.w.org\/{rel}","templated":true}]}}