{"id":955,"date":"2015-09-17T13:42:02","date_gmt":"2015-09-17T13:42:02","guid":{"rendered":"http:\/\/max-emden.de\/wordpress\/?p=955"},"modified":"2015-09-17T16:28:39","modified_gmt":"2015-09-17T16:28:39","slug":"955-2","status":"publish","type":"post","link":"https:\/\/max-emden.de\/wordpress\/955-2\/","title":{"rendered":"Emden und der Klimawandel"},"content":{"rendered":"<p>&#8222;Was erwartet uns\u00a0angesichts des Klimawandels?\u00a0Wird Emden untergehen?\u00a0Werden die Ostfriesen\u00a0eines Tages als Klimafl\u00fcchtlinge\u00a0eine neue Heimat suchen\u00a0m\u00fcssen? Oder wird aus\u00a0Emden in 80 Jahren eine\u00a0schwimmende Stadt?&#8220; &#8211; Diese und weitere Fragen werden am Dienstag, dem 29. September im Rahmen der Emder Vortr\u00e4ge durch den Klimaforscher\u00a0Dr. Hartmut Gra\u00dfl besprochen werden.<\/p>\n<p>In\u00a0der anschlie\u00dfenden Diskussion werden u.a. Sch\u00fclerinnen des Max-Windm\u00fcller-Gymnasiums Fragen und Gedanken zum Klimawandel formulieren, die vor allem die junge Generation betreffen und interessieren.<\/p>\n<p>&nbsp;<\/p>\n<p>&#8230; <a href=\"https:\/\/max-emden.de\/wordpress\/wp-content\/uploads\/2015\/09\/oz1509Klimawandel.jpg\" target=\"_blank\">Bericht der OZ<\/a>\u00a0 \u00a0 \u00a0&#8230; <a href=\"https:\/\/max-emden.de\/wordpress\/wp-content\/uploads\/2015\/09\/HS_EmderVortraege_Einleger_01.pdf\" target=\"_blank\">Programm<\/a>\u00a0 \u00a0 \u00a0&#8230; <a href=\"https:\/\/max-emden.de\/wordpress\/wp-content\/uploads\/2015\/09\/HS_EmderVortraege_Flyer_06.pdf\" target=\"_blank\">Flyer<\/a><\/p>\n","protected":false},"excerpt":{"rendered":"<p>&#8222;Was erwartet uns\u00a0angesichts des Klimawandels?\u00a0Wird Emden untergehen?\u00a0Werden die Ostfriesen\u00a0eines Tages als Klimafl\u00fcchtlinge\u00a0eine neue Heimat suchen\u00a0m\u00fcssen? Oder wird aus\u00a0Emden in 80 Jahren eine\u00a0schwimmende Stadt?&#8220; &#8211; Diese<a class=\"moretag\" href=\"https:\/\/max-emden.de\/wordpress\/955-2\/\"> [&#8230;]<\/a><\/p>\n","protected":false},"author":1,"featured_media":951,"comment_status":"closed","ping_status":"closed","sticky":false,"template":"","format":"standard","meta":{"footnotes":""},"categories":[60,11],"tags":[],"class_list":["post-955","post","type-post","status-publish","format-standard","has-post-thumbnail","hentry","category-erdkunde","category-nachhaltigkeit"],"_links":{"self":[{"href":"https:\/\/max-emden.de\/wordpress\/wp-json\/wp\/v2\/posts\/955","targetHints":{"allow":["GET"]}}],"collection":[{"href":"https:\/\/max-emden.de\/wordpress\/wp-json\/wp\/v2\/posts"}],"about":[{"href":"https:\/\/max-emden.de\/wordpress\/wp-json\/wp\/v2\/types\/post"}],"author":[{"embeddable":true,"href":"https:\/\/max-emden.de\/wordpress\/wp-json\/wp\/v2\/users\/1"}],"replies":[{"embeddable":true,"href":"https:\/\/max-emden.de\/wordpress\/wp-json\/wp\/v2\/comments?post=955"}],"version-history":[{"count":5,"href":"https:\/\/max-emden.de\/wordpress\/wp-json\/wp\/v2\/posts\/955\/revisions"}],"predecessor-version":[{"id":963,"href":"https:\/\/max-emden.de\/wordpress\/wp-json\/wp\/v2\/posts\/955\/revisions\/963"}],"wp:featuredmedia":[{"embeddable":true,"href":"https:\/\/max-emden.de\/wordpress\/wp-json\/wp\/v2\/media\/951"}],"wp:attachment":[{"href":"https:\/\/max-emden.de\/wordpress\/wp-json\/wp\/v2\/media?parent=955"}],"wp:term":[{"taxonomy":"category","embeddable":true,"href":"https:\/\/max-emden.de\/wordpress\/wp-json\/wp\/v2\/categories?post=955"},{"taxonomy":"post_tag","embeddable":true,"href":"https:\/\/max-emden.de\/wordpress\/wp-json\/wp\/v2\/tags?post=955"}],"curies":[{"name":"wp","href":"https:\/\/api.w.org\/{rel}","templated":true}]}}