{"id":9901,"date":"2020-09-29T10:40:37","date_gmt":"2020-09-29T10:40:37","guid":{"rendered":"http:\/\/max-emden.de\/wordpress\/?p=9901"},"modified":"2020-09-29T10:40:37","modified_gmt":"2020-09-29T10:40:37","slug":"podcast-ag","status":"publish","type":"post","link":"https:\/\/max-emden.de\/wordpress\/podcast-ag\/","title":{"rendered":"Podcast &#8211; AG"},"content":{"rendered":"<p>Ihr h\u00f6rt gerne Podcasts? K\u00f6nnt euch die Sporteinheit oder den Schulweg gar nicht mehr ohne vorstellen? Und h\u00e4ufig denkt ihr: Das w\u00e4re genau mein Ding, das m\u00f6chte ich auch mal machen! Dann schaut vorbei in der Podcast-AG!<\/p>\n<p>In dieser AG wollen wir uns mit dem zur Zeit boomenden Format des Podcasts auseinandersetzen.<\/p>\n<p>Unser Ziel ist es, in einem regelm\u00e4\u00dfigen Abstand Podcasts zu produzieren und diese auf unserer Schulhomepage zu ver\u00f6ffentlichen und als langfristig attraktiven Teil des Schullebens zu etablieren.<\/p>\n<p>Dabei machen wir uns Gedanken um technische Ausstattung und Produktion, relevante Themen, qualitative Standards und vieles mehr.<\/p>\n<p>&nbsp;<\/p>\n<p>Optimalerweise br\u00e4uchten wir ein Team aus technisch versierten Sch\u00fclerinnen und Sch\u00fclern, die fit sind in der Bedienung von Aufnahmeger\u00e4ten und v.a. der nachtr\u00e4glichen Bearbeitung am PC sowie Sch\u00fclerinnen und Sch\u00fclern, die \u00fcber gute Moderationsf\u00e4higkeiten verf\u00fcgen und sich gerne vor dem Mikrofon pr\u00e4sentieren. Alle sollten Spa\u00df daran haben, sich Gedanken \u00fcber Themen zu machen,\u00a0 Informationen zu recherchieren und zu diskutieren.<\/p>\n<p>&nbsp;<\/p>\n<p>In einem zweiten Schritt k\u00f6nnte man die Podcasts durch Vlogs und Videobeitr\u00e4ge erg\u00e4nzen; dies sei\u00a0 jedoch erst mal hinten angestellt und eine Idee f\u00fcr die Zukunft, wenn wir als Gruppe Routine besitzen. Interessierte sind aber auch hierzu gerne eingeladen.<\/p>\n","protected":false},"excerpt":{"rendered":"<p>Ihr h\u00f6rt gerne Podcasts? K\u00f6nnt euch die Sporteinheit oder den Schulweg gar nicht mehr ohne vorstellen? Und h\u00e4ufig denkt ihr: Das w\u00e4re genau mein Ding,<a class=\"moretag\" href=\"https:\/\/max-emden.de\/wordpress\/podcast-ag\/\"> [&#8230;]<\/a><\/p>\n","protected":false},"author":1,"featured_media":9900,"comment_status":"closed","ping_status":"closed","sticky":false,"template":"","format":"standard","meta":{"footnotes":""},"categories":[2],"tags":[],"class_list":["post-9901","post","type-post","status-publish","format-standard","has-post-thumbnail","hentry","category-allgemein"],"_links":{"self":[{"href":"https:\/\/max-emden.de\/wordpress\/wp-json\/wp\/v2\/posts\/9901","targetHints":{"allow":["GET"]}}],"collection":[{"href":"https:\/\/max-emden.de\/wordpress\/wp-json\/wp\/v2\/posts"}],"about":[{"href":"https:\/\/max-emden.de\/wordpress\/wp-json\/wp\/v2\/types\/post"}],"author":[{"embeddable":true,"href":"https:\/\/max-emden.de\/wordpress\/wp-json\/wp\/v2\/users\/1"}],"replies":[{"embeddable":true,"href":"https:\/\/max-emden.de\/wordpress\/wp-json\/wp\/v2\/comments?post=9901"}],"version-history":[{"count":1,"href":"https:\/\/max-emden.de\/wordpress\/wp-json\/wp\/v2\/posts\/9901\/revisions"}],"predecessor-version":[{"id":9902,"href":"https:\/\/max-emden.de\/wordpress\/wp-json\/wp\/v2\/posts\/9901\/revisions\/9902"}],"wp:featuredmedia":[{"embeddable":true,"href":"https:\/\/max-emden.de\/wordpress\/wp-json\/wp\/v2\/media\/9900"}],"wp:attachment":[{"href":"https:\/\/max-emden.de\/wordpress\/wp-json\/wp\/v2\/media?parent=9901"}],"wp:term":[{"taxonomy":"category","embeddable":true,"href":"https:\/\/max-emden.de\/wordpress\/wp-json\/wp\/v2\/categories?post=9901"},{"taxonomy":"post_tag","embeddable":true,"href":"https:\/\/max-emden.de\/wordpress\/wp-json\/wp\/v2\/tags?post=9901"}],"curies":[{"name":"wp","href":"https:\/\/api.w.org\/{rel}","templated":true}]}}