{"id":9903,"date":"2020-09-29T10:43:07","date_gmt":"2020-09-29T10:43:07","guid":{"rendered":"http:\/\/max-emden.de\/wordpress\/?p=9903"},"modified":"2020-09-29T10:43:07","modified_gmt":"2020-09-29T10:43:07","slug":"latein-wahlfrei-ag","status":"publish","type":"post","link":"https:\/\/max-emden.de\/wordpress\/latein-wahlfrei-ag\/","title":{"rendered":"Latein \u2013 Wahlfrei AG"},"content":{"rendered":"<p>Mit diesem auf drei Schuljahre angelegten Kursus soll es den Sch\u00fclerinnen und Sch\u00fclern, die sich f\u00fcr Franz\u00f6sisch oder auch Spanisch als zweite Fremdsprache entschieden haben, erm\u00f6glicht werden, die Qualifikation des Kleinen Latinum zu erwerben, d. h. nach dem Lehrgang sind sie in der Lage, lateinische Originaltexte wie das Bellum Gallicum von Caesar abschnittweise zu lesen und zu verstehen..<\/p>\n<p>&nbsp;<\/p>\n<p>Es werden allerdings gek\u00fcrzt nur zwei Stunden pro Woche unterrichtet und zwei Klausuren pro Jahr geschrieben. Am Ende des Halbjahres wird \u2013 wie in anderen F\u00e4chern auch \u2013 eine Note stehen. Diese Note ist jedoch nicht versetzungsrelevant und kann auch nicht als Ausgleich f\u00fcr andere nicht mehr ausreichende Noten eingesetzt werden.<\/p>\n<p>Wegen der knappen Unterrichtszeit wird die Bereitschaft zur h\u00e4uslichen Mitarbeit vorausgesetzt.<\/p>\n<p>Neben diesem formalen Aspekt soll aber auch die Freude an der gar nicht so \u201etoten\u201c Sprache Latein durch allerlei Lebendiges geweckt werden: Das Leben der Alten R\u00f6mer, kulturelle Bez\u00fcge der Antike zur Gegenwart, Auswirkungen der lateinischen Sprache auf unser Sprechen, Schreiben und Denken.<\/p>\n<p>Ich freue mich \u00fcber alle Sprachbegeisterten, die mit dabei sind. Angesprochen sind in der Regel Sch\u00fclerinnen aus dem 10. und 11. Jahrgang.<\/p>\n<p>Interessierte Sch\u00fclerinnen und Sch\u00fcler k\u00f6nnen mich nat\u00fcrlich jederzeit ansprechen, um weitere Informationen zu bekommen oder Fragen zu stellen.<\/p>\n<p>&nbsp;<\/p>\n<p>Qui coepit, dimidium facti habet!<\/p>\n<p>&nbsp;<\/p>\n<p style=\"text-align: right;\"><em>Martin Stenke<\/em><\/p>\n","protected":false},"excerpt":{"rendered":"<p>Mit diesem auf drei Schuljahre angelegten Kursus soll es den Sch\u00fclerinnen und Sch\u00fclern, die sich f\u00fcr Franz\u00f6sisch oder auch Spanisch als zweite Fremdsprache entschieden haben,<a class=\"moretag\" href=\"https:\/\/max-emden.de\/wordpress\/latein-wahlfrei-ag\/\"> [&#8230;]<\/a><\/p>\n","protected":false},"author":1,"featured_media":2829,"comment_status":"closed","ping_status":"closed","sticky":false,"template":"","format":"standard","meta":{"footnotes":""},"categories":[2],"tags":[],"class_list":["post-9903","post","type-post","status-publish","format-standard","has-post-thumbnail","hentry","category-allgemein"],"_links":{"self":[{"href":"https:\/\/max-emden.de\/wordpress\/wp-json\/wp\/v2\/posts\/9903","targetHints":{"allow":["GET"]}}],"collection":[{"href":"https:\/\/max-emden.de\/wordpress\/wp-json\/wp\/v2\/posts"}],"about":[{"href":"https:\/\/max-emden.de\/wordpress\/wp-json\/wp\/v2\/types\/post"}],"author":[{"embeddable":true,"href":"https:\/\/max-emden.de\/wordpress\/wp-json\/wp\/v2\/users\/1"}],"replies":[{"embeddable":true,"href":"https:\/\/max-emden.de\/wordpress\/wp-json\/wp\/v2\/comments?post=9903"}],"version-history":[{"count":1,"href":"https:\/\/max-emden.de\/wordpress\/wp-json\/wp\/v2\/posts\/9903\/revisions"}],"predecessor-version":[{"id":9904,"href":"https:\/\/max-emden.de\/wordpress\/wp-json\/wp\/v2\/posts\/9903\/revisions\/9904"}],"wp:featuredmedia":[{"embeddable":true,"href":"https:\/\/max-emden.de\/wordpress\/wp-json\/wp\/v2\/media\/2829"}],"wp:attachment":[{"href":"https:\/\/max-emden.de\/wordpress\/wp-json\/wp\/v2\/media?parent=9903"}],"wp:term":[{"taxonomy":"category","embeddable":true,"href":"https:\/\/max-emden.de\/wordpress\/wp-json\/wp\/v2\/categories?post=9903"},{"taxonomy":"post_tag","embeddable":true,"href":"https:\/\/max-emden.de\/wordpress\/wp-json\/wp\/v2\/tags?post=9903"}],"curies":[{"name":"wp","href":"https:\/\/api.w.org\/{rel}","templated":true}]}}