{"id":9954,"date":"2020-09-29T11:38:28","date_gmt":"2020-09-29T11:38:28","guid":{"rendered":"http:\/\/max-emden.de\/wordpress\/?p=9954"},"modified":"2021-08-31T22:13:06","modified_gmt":"2021-08-31T20:13:06","slug":"debattierclub","status":"publish","type":"post","link":"https:\/\/max-emden.de\/wordpress\/debattierclub\/","title":{"rendered":"Debattierclub (Jahrgang 9\/10)"},"content":{"rendered":"<p><strong><u>Debattierclub (Jahrgang 9\/10)<\/u><\/strong><\/p>\n<p>Du m\u00f6chtest dich in die Gesellschaft einbringen? Dich f\u00fcr deine Ideen und deine Meinung sowie die Demokratie stark machen? \u2013 Dann bist du im Debattierclub genau richtig! Alle zwei Wochen werden wir uns donnerstags in der 7\/8 Stunde mit Fragen die deine Umwelt und die Gesellschaft betreffen auseinandersetzen.<\/p>\n<p>Sollte die Wehrpflicht wieder eingef\u00fchrt werden? Sollten Innenst\u00e4dte autofrei gestaltet werden? Sollten Sch\u00fcler*innen ihre Lehrer*innen duzen d\u00fcrfen? \u2013 Unteranderem werden wir uns mit solchen Fragen befassen.<\/p>\n<p>Ob in der Schule, an der Universit\u00e4t oder sp\u00e4ter im Beruf &#8211; immer wieder werden Diskussionen auf dich zukommen und sie k\u00f6nnen richtig Spa\u00df machen.<\/p>\n<p>Hier lernst du dich treffend auszudr\u00fccken, deine Meinung mit stichhaltigen Argumenten vertreten zu k\u00f6nnen und die wichtigsten Regeln f\u00fcr den Umgang mit Menschen in einem Streitgespr\u00e4ch.<\/p>\n<p>&nbsp;<\/p>\n<p>Kontakt \u00fcber: nina.schenkel(at)max-emden.net<\/p>\n","protected":false},"excerpt":{"rendered":"<p>Debattierclub (Jahrgang 9\/10) Du m\u00f6chtest dich in die Gesellschaft einbringen? Dich f\u00fcr deine Ideen und deine Meinung sowie die Demokratie stark machen? \u2013 Dann bist<a class=\"moretag\" href=\"https:\/\/max-emden.de\/wordpress\/debattierclub\/\"> [&#8230;]<\/a><\/p>\n","protected":false},"author":1,"featured_media":12720,"comment_status":"closed","ping_status":"closed","sticky":false,"template":"","format":"standard","meta":{"footnotes":""},"categories":[2],"tags":[],"class_list":["post-9954","post","type-post","status-publish","format-standard","has-post-thumbnail","hentry","category-allgemein"],"_links":{"self":[{"href":"https:\/\/max-emden.de\/wordpress\/wp-json\/wp\/v2\/posts\/9954","targetHints":{"allow":["GET"]}}],"collection":[{"href":"https:\/\/max-emden.de\/wordpress\/wp-json\/wp\/v2\/posts"}],"about":[{"href":"https:\/\/max-emden.de\/wordpress\/wp-json\/wp\/v2\/types\/post"}],"author":[{"embeddable":true,"href":"https:\/\/max-emden.de\/wordpress\/wp-json\/wp\/v2\/users\/1"}],"replies":[{"embeddable":true,"href":"https:\/\/max-emden.de\/wordpress\/wp-json\/wp\/v2\/comments?post=9954"}],"version-history":[{"count":5,"href":"https:\/\/max-emden.de\/wordpress\/wp-json\/wp\/v2\/posts\/9954\/revisions"}],"predecessor-version":[{"id":12724,"href":"https:\/\/max-emden.de\/wordpress\/wp-json\/wp\/v2\/posts\/9954\/revisions\/12724"}],"wp:featuredmedia":[{"embeddable":true,"href":"https:\/\/max-emden.de\/wordpress\/wp-json\/wp\/v2\/media\/12720"}],"wp:attachment":[{"href":"https:\/\/max-emden.de\/wordpress\/wp-json\/wp\/v2\/media?parent=9954"}],"wp:term":[{"taxonomy":"category","embeddable":true,"href":"https:\/\/max-emden.de\/wordpress\/wp-json\/wp\/v2\/categories?post=9954"},{"taxonomy":"post_tag","embeddable":true,"href":"https:\/\/max-emden.de\/wordpress\/wp-json\/wp\/v2\/tags?post=9954"}],"curies":[{"name":"wp","href":"https:\/\/api.w.org\/{rel}","templated":true}]}}